{"id":1004,"date":"2025-07-10T11:13:55","date_gmt":"2025-07-10T10:13:55","guid":{"rendered":"https:\/\/blog.dgformacion.com\/?p=1004"},"modified":"2025-07-11T12:33:56","modified_gmt":"2025-07-11T11:33:56","slug":"personas-desempleadas-castilla-y-leon-2025","status":"publish","type":"post","link":"https:\/\/blog.dgformacion.com\/?p=1004","title":{"rendered":"Personas desempleadas &#8211; Castilla y Le\u00f3n, 2025."},"content":{"rendered":"\n<p>El Servicio P\u00fablico de Empleo de Castilla y Le\u00f3n ha emitido una resoluci\u00f3n mediante la cual se convocan ayudas p\u00fablicas para financiar programas de formaci\u00f3n dirigidos a personas desempleadas residentes en esta comunidad aut\u00f3noma, correspondientes a los a\u00f1os 2025 y 2026.<\/p>\n\n\n\n<p class=\"has-text-align-center\"><strong>DESTINATARIOS<br><\/strong>Dirigidas a entidades y centros de formaci\u00f3n, ya sean p\u00fablicos o privados, que cuenten con sede o actividad en el \u00e1mbito territorial al que se destina la convocatoria, y que, en su caso, est\u00e9n registrados en el \u00f3rgano competente. Las acciones formativas podr\u00e1n desarrollarse en formato presencial, a trav\u00e9s de teleformaci\u00f3n o mediante una combinaci\u00f3n de ambas modalidades.<\/p>\n\n\n\n<p class=\"has-text-align-center\"><strong>PRESUPUESTO TOTAL DISPONIBLE<br><\/strong>\u00a050.669.908,75 \u20ac<\/p>\n\n\n\n<p class=\"has-text-align-center\"><strong>PLAZO DE LA SOLICITUD<br><\/strong>Hasta el 23\/07\/2025.<\/p>\n\n\n\n<p class=\"has-text-align-center\"><strong>MODALIDAD DE IMPARTICI\u00d3N<\/strong><br>Las actividades formativas podr\u00e1n desarrollarse en formato presencial, virtual (teleformaci\u00f3n) o de manera mixta (semipresencial).<br>El uso del aula virtual se permitir\u00e1 como recurso complementario en la formaci\u00f3n presencial, siempre que no supere el 40% del total de la acci\u00f3n formativa.<\/p>\n\n\n\n<p class=\"has-text-align-center\"><strong>CATEGOR\u00cdA<br><\/strong>Certificados profesionales, especialidades formativas.<\/p>\n\n\n\n<p>Para m\u00e1s informaci\u00f3n, visital el siguiente enlace:<\/p>\n\n\n\n<div class=\"wp-block-buttons is-content-justification-center is-layout-flex wp-container-core-buttons-layout-1 wp-block-buttons-is-layout-flex\">\n<div class=\"wp-block-button\"><a class=\"wp-block-button__link has-white-color has-text-color has-link-color wp-element-button\" href=\"https:\/\/www.innovacionycualificacion.com\/wp-content\/uploads\/2025\/07\/Resolucion-convocatoria-FOD-2025.pdf\" target=\"_blank\" rel=\"noreferrer noopener\">Ver convocatoria<\/a><\/div>\n<\/div>\n\n\n\n<p><\/p>\n\n\n\n<p class=\"has-text-align-center\" style=\"font-size:24px\">Echa un vistazo a nuestro cat\u00e1logo completo&nbsp;<a href=\"https:\/\/dgformacion.com\/categoria-curso\/contenido-en-formato-digital\/certificados-de-profesionalidad\/\" target=\"_blank\" rel=\"noreferrer noopener\">pinchando aqu\u00ed<\/a>.<\/p>\n\n\n\n<p class=\"has-text-align-center\">Contacta con nosotros a trav\u00e9s del 914 32 02 02, o info@dgformacion.com.<\/p>\n","protected":false},"excerpt":{"rendered":"<p>El Servicio P\u00fablico de Empleo de Castilla y Le\u00f3n ha emitido una resoluci\u00f3n mediante la cual se convocan ayudas p\u00fablicas para financiar programas de formaci\u00f3n dirigidos a personas desempleadas residentes en esta comunidad aut\u00f3noma, correspondientes a los a\u00f1os 2025 y 2026. DESTINATARIOSDirigidas a entidades y centros de formaci\u00f3n, ya sean p\u00fablicos o privados, que cuenten &hellip;<\/p>\n","protected":false},"author":2,"featured_media":1005,"comment_status":"closed","ping_status":"open","sticky":false,"template":"","format":"standard","meta":{"footnotes":"","_jetpack_memberships_contains_paid_content":false},"categories":[4],"tags":[123,76,91,104,122,31,64,157,78,90,156,19,89,127,126,124,125,118,93,66,65,74,119,67,75],"jetpack_sharing_enabled":true,"jetpack_featured_media_url":"https:\/\/blog.dgformacion.com\/wp-content\/uploads\/2025\/07\/castilla-leon-personas-desempleadas.png","_links":{"self":[{"href":"https:\/\/blog.dgformacion.com\/index.php?rest_route=\/wp\/v2\/posts\/1004"}],"collection":[{"href":"https:\/\/blog.dgformacion.com\/index.php?rest_route=\/wp\/v2\/posts"}],"about":[{"href":"https:\/\/blog.dgformacion.com\/index.php?rest_route=\/wp\/v2\/types\/post"}],"author":[{"embeddable":true,"href":"https:\/\/blog.dgformacion.com\/index.php?rest_route=\/wp\/v2\/users\/2"}],"replies":[{"embeddable":true,"href":"https:\/\/blog.dgformacion.com\/index.php?rest_route=%2Fwp%2Fv2%2Fcomments&post=1004"}],"version-history":[{"count":3,"href":"https:\/\/blog.dgformacion.com\/index.php?rest_route=\/wp\/v2\/posts\/1004\/revisions"}],"predecessor-version":[{"id":1037,"href":"https:\/\/blog.dgformacion.com\/index.php?rest_route=\/wp\/v2\/posts\/1004\/revisions\/1037"}],"wp:featuredmedia":[{"embeddable":true,"href":"https:\/\/blog.dgformacion.com\/index.php?rest_route=\/wp\/v2\/media\/1005"}],"wp:attachment":[{"href":"https:\/\/blog.dgformacion.com\/index.php?rest_route=%2Fwp%2Fv2%2Fmedia&parent=1004"}],"wp:term":[{"taxonomy":"category","embeddable":true,"href":"https:\/\/blog.dgformacion.com\/index.php?rest_route=%2Fwp%2Fv2%2Fcategories&post=1004"},{"taxonomy":"post_tag","embeddable":true,"href":"https:\/\/blog.dgformacion.com\/index.php?rest_route=%2Fwp%2Fv2%2Ftags&post=1004"}],"curies":[{"name":"wp","href":"https:\/\/api.w.org\/{rel}","templated":true}]}}