{"id":1010,"date":"2025-07-10T11:43:18","date_gmt":"2025-07-10T10:43:18","guid":{"rendered":"https:\/\/blog.dgformacion.com\/?p=1010"},"modified":"2025-07-23T11:50:35","modified_gmt":"2025-07-23T10:50:35","slug":"personas-trabajadoras-desempleadas-madrid-2025-2","status":"publish","type":"post","link":"https:\/\/blog.dgformacion.com\/?p=1010","title":{"rendered":"Personas desempleadas y desempleados con NFE &#8211; Madrid, 2025."},"content":{"rendered":"\n<p>La Consejer\u00eda de Econom\u00eda, Hacienda y Empleo de la Comunidad de Madrid ha hecho p\u00fablica la convocatoria de ayudas para apoyar el desarrollo de acciones formativas vinculadas a certificados profesionales de Grado B, dirigidas prioritariamente a personas desempleadas.<\/p>\n\n\n\n<p>El objetivo de estas subvenciones es proporcionar a los participantes una formaci\u00f3n alineada con las demandas del mercado laboral, que responda tanto a las exigencias de productividad y competitividad empresarial como a las expectativas de crecimiento profesional y personal de los trabajadores.<\/p>\n\n\n\n<p class=\"has-text-align-center\"><strong>DESTINATARIOS<br><\/strong>Podr\u00e1n optar a estas ayudas aquellas entidades que ofrezcan programas dentro del Sistema de Formaci\u00f3n Profesional Espa\u00f1ol.<br>Las entidades de formaci\u00f3n deber\u00e1n estar registradas en el Registro de Entidades de Formaci\u00f3n Profesional para el Empleo de la Comunidad de Madrid.<br>En caso de solicitar formaci\u00f3n en modalidad virtual (teleformaci\u00f3n), la acreditaci\u00f3n requerida deber\u00e1 constar en el Registro Estatal de Entidades de Formaci\u00f3n.<\/p>\n\n\n\n<p class=\"has-text-align-center\"><strong>PRESUPUESTO TOTAL DISPONIBLE<br><\/strong>59.500.000\u20ac<\/p>\n\n\n\n<p class=\"has-text-align-center\"><strong>PLAZO DE LA SOLICITUD<br><\/strong>Hasta el 23\/07\/2025.<\/p>\n\n\n\n<p class=\"has-text-align-center\"><strong>MODALIDAD DE IMPARTICI\u00d3N<\/strong><br>Las actividades formativas podr\u00e1n desarrollarse en formato presencial, virtual (teleformaci\u00f3n) o de manera mixta (semipresencial).<br>El uso del aula virtual se permitir\u00e1 como recurso complementario en la formaci\u00f3n presencial, siempre que no supere el 40% del total de la acci\u00f3n formativa.<\/p>\n\n\n\n<p class=\"has-text-align-center\"><strong>CATEGOR\u00cdA<br><\/strong>Certificados profesionales &#8211; Grado B.<\/p>\n\n\n\n<p>Para m\u00e1s informaci\u00f3n, visital el siguiente enlace:<\/p>\n\n\n\n<div class=\"wp-block-buttons is-content-justification-center is-layout-flex wp-container-core-buttons-layout-1 wp-block-buttons-is-layout-flex\">\n<div class=\"wp-block-button\"><a class=\"wp-block-button__link has-white-color has-text-color has-link-color wp-element-button\" href=\"https:\/\/www.innovacionycualificacion.com\/wp-content\/uploads\/2025\/07\/Texto-Convocatoria-BDNS-Orden-Convocatoria-FDE_CERTIFICADOS-PROFESIONALES-2025_52747518-Anonimizada.pdf\" target=\"_blank\" rel=\"noreferrer noopener\">Ver convocatoria<\/a><\/div>\n<\/div>\n\n\n\n<p><\/p>\n\n\n\n<p>Para la convocatoria a personas de NFE, consultar la siguiente informaci\u00f3n:<\/p>\n\n\n\n<div class=\"wp-block-buttons is-content-justification-center is-layout-flex wp-container-core-buttons-layout-2 wp-block-buttons-is-layout-flex\">\n<div class=\"wp-block-button\"><a class=\"wp-block-button__link has-white-color has-text-color has-link-color has-text-align-center wp-element-button\" href=\"https:\/\/www.innovacionycualificacion.com\/wp-content\/uploads\/2025\/07\/Texto-Convocatoria-BDNS-Orden-Convocatoria-FDE_CERTIFICADOS-PROFESIONALES-2025_52747518-Anonimizada-1.pdf\" target=\"_blank\" rel=\"noreferrer noopener\">Ver convocatoria para NFE<\/a><\/div>\n<\/div>\n\n\n\n<p><\/p>\n\n\n\n<p class=\"has-text-align-center\" style=\"font-size:24px\">Echa un vistazo a nuestro cat\u00e1logo completo&nbsp;<a href=\"https:\/\/dgformacion.com\/categoria-curso\/contenido-en-formato-digital\/certificados-de-profesionalidad\/\" target=\"_blank\" rel=\"noreferrer noopener\">pinchando aqu\u00ed<\/a>.<\/p>\n\n\n\n<p class=\"has-text-align-center\">Contacta con nosotros a trav\u00e9s del 914 32 02 02, o info@dgformacion.com.<\/p>\n","protected":false},"excerpt":{"rendered":"<p>La Consejer\u00eda de Econom\u00eda, Hacienda y Empleo de la Comunidad de Madrid ha hecho p\u00fablica la convocatoria de ayudas para apoyar el desarrollo de acciones formativas vinculadas a certificados profesionales de Grado B, dirigidas prioritariamente a personas desempleadas. El objetivo de estas subvenciones es proporcionar a los participantes una formaci\u00f3n alineada con las demandas del &hellip;<\/p>\n","protected":false},"author":2,"featured_media":1011,"comment_status":"closed","ping_status":"open","sticky":false,"template":"","format":"standard","meta":{"footnotes":"","_jetpack_memberships_contains_paid_content":false},"categories":[4],"tags":[123,91,104,122,31,64,157,78,159,90,156,19,89,127,126,124,125,83,118,161,160,93,66,65,74,119,67,75],"jetpack_sharing_enabled":true,"jetpack_featured_media_url":"https:\/\/blog.dgformacion.com\/wp-content\/uploads\/2025\/07\/madrid-necesidades-formativas-especificas-especiales-desempleados.png","_links":{"self":[{"href":"https:\/\/blog.dgformacion.com\/index.php?rest_route=\/wp\/v2\/posts\/1010"}],"collection":[{"href":"https:\/\/blog.dgformacion.com\/index.php?rest_route=\/wp\/v2\/posts"}],"about":[{"href":"https:\/\/blog.dgformacion.com\/index.php?rest_route=\/wp\/v2\/types\/post"}],"author":[{"embeddable":true,"href":"https:\/\/blog.dgformacion.com\/index.php?rest_route=\/wp\/v2\/users\/2"}],"replies":[{"embeddable":true,"href":"https:\/\/blog.dgformacion.com\/index.php?rest_route=%2Fwp%2Fv2%2Fcomments&post=1010"}],"version-history":[{"count":9,"href":"https:\/\/blog.dgformacion.com\/index.php?rest_route=\/wp\/v2\/posts\/1010\/revisions"}],"predecessor-version":[{"id":1067,"href":"https:\/\/blog.dgformacion.com\/index.php?rest_route=\/wp\/v2\/posts\/1010\/revisions\/1067"}],"wp:featuredmedia":[{"embeddable":true,"href":"https:\/\/blog.dgformacion.com\/index.php?rest_route=\/wp\/v2\/media\/1011"}],"wp:attachment":[{"href":"https:\/\/blog.dgformacion.com\/index.php?rest_route=%2Fwp%2Fv2%2Fmedia&parent=1010"}],"wp:term":[{"taxonomy":"category","embeddable":true,"href":"https:\/\/blog.dgformacion.com\/index.php?rest_route=%2Fwp%2Fv2%2Fcategories&post=1010"},{"taxonomy":"post_tag","embeddable":true,"href":"https:\/\/blog.dgformacion.com\/index.php?rest_route=%2Fwp%2Fv2%2Ftags&post=1010"}],"curies":[{"name":"wp","href":"https:\/\/api.w.org\/{rel}","templated":true}]}}