{"id":1048,"date":"2025-07-16T09:23:17","date_gmt":"2025-07-16T08:23:17","guid":{"rendered":"https:\/\/blog.dgformacion.com\/?p=1048"},"modified":"2025-07-16T10:21:07","modified_gmt":"2025-07-16T09:21:07","slug":"personas-ocupadas-competencias-transversales-castilla-y-leon-2025","status":"publish","type":"post","link":"https:\/\/blog.dgformacion.com\/?p=1048","title":{"rendered":"Personas ocupadas, competencias transversales &#8211; Castilla y Le\u00f3n, 2025."},"content":{"rendered":"\n<p>Se publica la resoluci\u00f3n de la convocatoria para la formaci\u00f3n transversal de personas trabajadoras ocupadas en Castilla y Le\u00f3n, 2025 &#8211; 2026.<\/p>\n\n\n\n<p class=\"has-text-align-center\"><strong>DESTINATARIOS<\/strong><br>Entidades de formaci\u00f3n y agrupaciones que las conformen, estando debidamente inscritas en su Registro de Entidades de Formaci\u00f3n correspondiente; que impartan de forma presencial o mediante teleformaci\u00f3n especialidades espec\u00edficas del Cat\u00e1logo de Especialidades Formativas.<\/p>\n\n\n\n<p class=\"has-text-align-center\">Para la formaci\u00f1on de trabajadores ocupados, hasta un m\u00e1ximo de 30% desempleados.<\/p>\n\n\n\n<p class=\"has-text-align-center\"><strong>PRESUPUESTO TOTAL DISPONIBLE<\/strong><br>9.000.000,00\u20ac.<\/p>\n\n\n\n<p class=\"has-text-align-center\"><strong>MODALIDAD DE IMPARTICI\u00d3N<\/strong><br>Modalidad presencial y\/o a trav\u00e9s de teleformaci\u00f3n, seg\u00fan la modalidad autorizada para cada especialidad formativa establecida en los Anexos X (apartados a y b), XI (puntos del 1 al 9, apartados a y b) y XX de esta convocatoria.<\/p>\n\n\n\n<p class=\"has-text-align-center\">Se establece que, como m\u00e1ximo, el 80% de las acciones formativas podr\u00e1n realizarse de manera presencial, mientras que aquellas en modalidad de teleformaci\u00f3n no podr\u00e1n superar el 50%.<\/p>\n\n\n\n<p class=\"has-text-align-center\"><strong>PLAZO DE LA SOLICITUD<\/strong><br>Hasta el 24 de julio, 2025.<\/p>\n\n\n\n<p class=\"has-text-align-center\"><strong>CATEGOR\u00cdA<\/strong><br>Especialidades formativas.<\/p>\n\n\n\n<p>Para m\u00e1s informaci\u00f3n, visital el siguiente enlace:<\/p>\n\n\n\n<div class=\"wp-block-buttons is-content-justification-center is-layout-flex wp-container-core-buttons-layout-1 wp-block-buttons-is-layout-flex\">\n<div class=\"wp-block-button\"><a class=\"wp-block-button__link has-white-color has-text-color has-link-color wp-element-button\" href=\"https:\/\/www.infosubvenciones.es\/bdnstrans\/GE\/es\/convocatorias\/844675\" target=\"_blank\" rel=\"noreferrer noopener\">Ver convocatoria<\/a><\/div>\n<\/div>\n\n\n\n<p><\/p>\n\n\n\n<p class=\"has-text-align-center\" style=\"font-size:24px\">Echa un vistazo a nuestro cat\u00e1logo completo&nbsp;<a href=\"https:\/\/dgformacion.com\/categoria-curso\/contenido-en-formato-digital\/certificados-de-profesionalidad\/\" target=\"_blank\" rel=\"noreferrer noopener\">pinchando aqu\u00ed<\/a>.<\/p>\n\n\n\n<p class=\"has-text-align-center\">Contacta con nosotros a trav\u00e9s del 914 32 02 02, o info@dgformacion.com.<\/p>\n","protected":false},"excerpt":{"rendered":"<p>Se publica la resoluci\u00f3n de la convocatoria para la formaci\u00f3n transversal de personas trabajadoras ocupadas en Castilla y Le\u00f3n, 2025 &#8211; 2026. DESTINATARIOSEntidades de formaci\u00f3n y agrupaciones que las conformen, estando debidamente inscritas en su Registro de Entidades de Formaci\u00f3n correspondiente; que impartan de forma presencial o mediante teleformaci\u00f3n especialidades espec\u00edficas del Cat\u00e1logo de Especialidades &hellip;<\/p>\n","protected":false},"author":2,"featured_media":1049,"comment_status":"closed","ping_status":"open","sticky":false,"template":"","format":"standard","meta":{"footnotes":"","_jetpack_memberships_contains_paid_content":false},"categories":[4],"tags":[123,76,91,162,104,122,31,64,157,78,159,90,156,19,89,127,126,124,125,118,93,66,65,74,119,67,75],"jetpack_sharing_enabled":true,"jetpack_featured_media_url":"https:\/\/blog.dgformacion.com\/wp-content\/uploads\/2025\/07\/personas-ocupadas-competencias-transversales-castilla-leon.png","_links":{"self":[{"href":"https:\/\/blog.dgformacion.com\/index.php?rest_route=\/wp\/v2\/posts\/1048"}],"collection":[{"href":"https:\/\/blog.dgformacion.com\/index.php?rest_route=\/wp\/v2\/posts"}],"about":[{"href":"https:\/\/blog.dgformacion.com\/index.php?rest_route=\/wp\/v2\/types\/post"}],"author":[{"embeddable":true,"href":"https:\/\/blog.dgformacion.com\/index.php?rest_route=\/wp\/v2\/users\/2"}],"replies":[{"embeddable":true,"href":"https:\/\/blog.dgformacion.com\/index.php?rest_route=%2Fwp%2Fv2%2Fcomments&post=1048"}],"version-history":[{"count":2,"href":"https:\/\/blog.dgformacion.com\/index.php?rest_route=\/wp\/v2\/posts\/1048\/revisions"}],"predecessor-version":[{"id":1053,"href":"https:\/\/blog.dgformacion.com\/index.php?rest_route=\/wp\/v2\/posts\/1048\/revisions\/1053"}],"wp:featuredmedia":[{"embeddable":true,"href":"https:\/\/blog.dgformacion.com\/index.php?rest_route=\/wp\/v2\/media\/1049"}],"wp:attachment":[{"href":"https:\/\/blog.dgformacion.com\/index.php?rest_route=%2Fwp%2Fv2%2Fmedia&parent=1048"}],"wp:term":[{"taxonomy":"category","embeddable":true,"href":"https:\/\/blog.dgformacion.com\/index.php?rest_route=%2Fwp%2Fv2%2Fcategories&post=1048"},{"taxonomy":"post_tag","embeddable":true,"href":"https:\/\/blog.dgformacion.com\/index.php?rest_route=%2Fwp%2Fv2%2Ftags&post=1048"}],"curies":[{"name":"wp","href":"https:\/\/api.w.org\/{rel}","templated":true}]}}