{"id":1054,"date":"2025-07-18T10:16:59","date_gmt":"2025-07-18T09:16:59","guid":{"rendered":"https:\/\/blog.dgformacion.com\/?p=1054"},"modified":"2025-07-22T08:54:22","modified_gmt":"2025-07-22T07:54:22","slug":"acciones-formativas-conducentes-y-no-conducentes-a-c-p-2025","status":"publish","type":"post","link":"https:\/\/blog.dgformacion.com\/?p=1054","title":{"rendered":"Acciones formativas personas trabajadoras desempleadas, 2025 &#8211; Galicia"},"content":{"rendered":"\n<p>Se publica la resoluci\u00f3n de la convocatoria para la formaci\u00f3n conducente y no conducente a certificado profesional en Galicia, 2025 &#8211; 2026.<\/p>\n\n\n\n<p class=\"has-text-align-center\"><strong>DESTINATARIOS<\/strong><br>Entidades y centros de formaci\u00f3n que, antes de presentar su solicitud, cuenten con la acreditaci\u00f3n necesaria para ofrecer, dentro de la Comunidad Aut\u00f3noma, acciones formativas correspondientes a los grados A, B y C del Sistema de Formaci\u00f3n Profesional, en las modalidades presencial o de teleformaci\u00f3n.<\/p>\n\n\n\n<p class=\"has-text-align-center\"><strong>PRESUPUESTO TOTAL DISPONIBLE<\/strong><br>50.000.000,00\u20ac<\/p>\n\n\n\n<p class=\"has-text-align-center\"><strong>MODALIDAD DE IMPARTICI\u00d3N<\/strong><br>Presencial (con aula virtual a modo de medio formativo complementario) y Teleformaci\u00f3n.<\/p>\n\n\n\n<p class=\"has-text-align-center\"><strong>PLAZO DE LA SOLICITUD<\/strong><br>Hasta el 30 de noviembre, 2025.<\/p>\n\n\n\n<p class=\"has-text-align-center\"><strong>CATEGOR\u00cdA<\/strong><br>Certificados profesionales.<\/p>\n\n\n\n<p>Para m\u00e1s informaci\u00f3n, visital el siguiente enlace:<\/p>\n\n\n\n<div class=\"wp-block-buttons is-content-justification-center is-layout-flex wp-container-core-buttons-layout-1 wp-block-buttons-is-layout-flex\">\n<div class=\"wp-block-button\"><a class=\"wp-block-button__link has-white-color has-text-color has-link-color wp-element-button\" href=\"https:\/\/www.pap.hacienda.gob.es\/bdnstrans\/GE\/es\/convocatorias\/844676\" target=\"_blank\" rel=\"noreferrer noopener\">VER CONVOCATORIA<\/a><\/div>\n<\/div>\n\n\n\n<p><\/p>\n\n\n\n<p class=\"has-text-align-center\" style=\"font-size:24px\">Echa un vistazo a nuestro cat\u00e1logo completo&nbsp;<a href=\"https:\/\/dgformacion.com\/categoria-curso\/contenido-en-formato-digital\/certificados-de-profesionalidad\/\" target=\"_blank\" rel=\"noreferrer noopener\">pinchando aqu\u00ed<\/a>.<\/p>\n\n\n\n<p class=\"has-text-align-center\">Contacta con nosotros a trav\u00e9s del 914 32 02 02, o info@dgformacion.com.<\/p>\n","protected":false},"excerpt":{"rendered":"<p>Se publica la resoluci\u00f3n de la convocatoria para la formaci\u00f3n conducente y no conducente a certificado profesional en Galicia, 2025 &#8211; 2026. DESTINATARIOSEntidades y centros de formaci\u00f3n que, antes de presentar su solicitud, cuenten con la acreditaci\u00f3n necesaria para ofrecer, dentro de la Comunidad Aut\u00f3noma, acciones formativas correspondientes a los grados A, B y C &hellip;<\/p>\n","protected":false},"author":2,"featured_media":1065,"comment_status":"closed","ping_status":"open","sticky":false,"template":"","format":"standard","meta":{"footnotes":"","_jetpack_memberships_contains_paid_content":false},"categories":[4],"tags":[123,91,162,104,122,31,64,157,78,159,90,156,19,89,79,127,126,124,125,118,93,66,65,74,119,67,75],"jetpack_sharing_enabled":true,"jetpack_featured_media_url":"https:\/\/blog.dgformacion.com\/wp-content\/uploads\/2025\/07\/galicia-trabajadores-desempleados.png","_links":{"self":[{"href":"https:\/\/blog.dgformacion.com\/index.php?rest_route=\/wp\/v2\/posts\/1054"}],"collection":[{"href":"https:\/\/blog.dgformacion.com\/index.php?rest_route=\/wp\/v2\/posts"}],"about":[{"href":"https:\/\/blog.dgformacion.com\/index.php?rest_route=\/wp\/v2\/types\/post"}],"author":[{"embeddable":true,"href":"https:\/\/blog.dgformacion.com\/index.php?rest_route=\/wp\/v2\/users\/2"}],"replies":[{"embeddable":true,"href":"https:\/\/blog.dgformacion.com\/index.php?rest_route=%2Fwp%2Fv2%2Fcomments&post=1054"}],"version-history":[{"count":4,"href":"https:\/\/blog.dgformacion.com\/index.php?rest_route=\/wp\/v2\/posts\/1054\/revisions"}],"predecessor-version":[{"id":1063,"href":"https:\/\/blog.dgformacion.com\/index.php?rest_route=\/wp\/v2\/posts\/1054\/revisions\/1063"}],"wp:featuredmedia":[{"embeddable":true,"href":"https:\/\/blog.dgformacion.com\/index.php?rest_route=\/wp\/v2\/media\/1065"}],"wp:attachment":[{"href":"https:\/\/blog.dgformacion.com\/index.php?rest_route=%2Fwp%2Fv2%2Fmedia&parent=1054"}],"wp:term":[{"taxonomy":"category","embeddable":true,"href":"https:\/\/blog.dgformacion.com\/index.php?rest_route=%2Fwp%2Fv2%2Fcategories&post=1054"},{"taxonomy":"post_tag","embeddable":true,"href":"https:\/\/blog.dgformacion.com\/index.php?rest_route=%2Fwp%2Fv2%2Ftags&post=1054"}],"curies":[{"name":"wp","href":"https:\/\/api.w.org\/{rel}","templated":true}]}}