{"id":1060,"date":"2025-07-22T08:51:27","date_gmt":"2025-07-22T07:51:27","guid":{"rendered":"https:\/\/blog.dgformacion.com\/?p=1060"},"modified":"2025-08-11T08:56:00","modified_gmt":"2025-08-11T07:56:00","slug":"acciones-formativas-conducentes-y-no-conducentes-a-c-p-2025-extremadura","status":"publish","type":"post","link":"https:\/\/blog.dgformacion.com\/?p=1060","title":{"rendered":"Acciones formativas conducentes y no conducentes a c.p., 2025 &#8211; Extremadura"},"content":{"rendered":"\n<p>Se publica la resoluci\u00f3n de la convocatoria para la formaci\u00f3n conducente a certificado profesional en Extremadura, 2025 &#8211; 2026.<\/p>\n\n\n\n<p class=\"has-text-align-center\"><strong>DESTINATARIOS<\/strong><br>Podr\u00e1n participar aquellas entidades de formaci\u00f3n que, en la fecha de publicaci\u00f3n de esta convocatoria, est\u00e9n debidamente acreditadas y\/o registradas en el correspondiente registro de centros y entidades formativas para las especialidades objeto de la formaci\u00f3n, ya sea en modalidad presencial o virtual.<\/p>\n\n\n\n<p class=\"has-text-align-center\">Igualmente, podr\u00e1n ser beneficiarias aquellas entidades de formaci\u00f3n que est\u00e9n registradas y\/o inscritas en el registro habilitado por la Administraci\u00f3n competente a la fecha de esta convocatoria, y que cuenten con una autorizaci\u00f3n provisional emitida por el Servicio Extreme\u00f1o P\u00fablico de Empleo.<\/p>\n\n\n\n<p class=\"has-text-align-center\"><strong>PRESUPUESTO TOTAL DISPONIBLE<\/strong><br>11.199.460,00\u20ac para CONDUCENTES.<br>1.306.846,00\u20ac para NO CONDUCENTES.<\/p>\n\n\n\n<p class=\"has-text-align-center\"><strong>MODALIDAD DE IMPARTICI\u00d3N<\/strong><br>Presencial o teleformaci\u00f3n.<\/p>\n\n\n\n<p class=\"has-text-align-center\"><strong>PLAZO DE LA SOLICITUD<\/strong><br>Hasta el 24 de julio, 2025.<\/p>\n\n\n\n<p class=\"has-text-align-center\"><strong>CATEGOR\u00cdA<\/strong><br>Especialidades formativas.<\/p>\n\n\n\n<p>Para m\u00e1s informaci\u00f3n, visital el siguiente enlace:<\/p>\n\n\n\n<div class=\"wp-block-buttons is-content-justification-center is-layout-flex wp-container-core-buttons-layout-1 wp-block-buttons-is-layout-flex\">\n<div class=\"wp-block-button\"><a class=\"wp-block-button__link has-white-color has-text-color has-link-color wp-element-button\" href=\"https:\/\/www.infosubvenciones.es\/bdnstrans\/GE\/es\/convocatorias\/845033\" target=\"_blank\" rel=\"noreferrer noopener\">Conducentes<\/a><\/div>\n\n\n\n<div class=\"wp-block-button\"><a class=\"wp-block-button__link has-white-color has-text-color has-link-color wp-element-button\" href=\"https:\/\/www.infosubvenciones.es\/bdnstrans\/GE\/es\/convocatorias\/845034\" target=\"_blank\" rel=\"noreferrer noopener\">No conducentes<\/a><\/div>\n<\/div>\n\n\n\n<p><\/p>\n\n\n\n<p class=\"has-text-align-center\" style=\"font-size:24px\">Echa un vistazo a nuestro cat\u00e1logo completo&nbsp;<a href=\"https:\/\/dgformacion.com\/categoria-curso\/contenido-en-formato-digital\/certificados-de-profesionalidad\/\" target=\"_blank\" rel=\"noreferrer noopener\">pinchando aqu\u00ed<\/a>.<\/p>\n\n\n\n<p class=\"has-text-align-center\">Contacta con nosotros a trav\u00e9s del 914 32 02 02, o info@dgformacion.com.<\/p>\n","protected":false},"excerpt":{"rendered":"<p>Se publica la resoluci\u00f3n de la convocatoria para la formaci\u00f3n conducente a certificado profesional en Extremadura, 2025 &#8211; 2026. DESTINATARIOSPodr\u00e1n participar aquellas entidades de formaci\u00f3n que, en la fecha de publicaci\u00f3n de esta convocatoria, est\u00e9n debidamente acreditadas y\/o registradas en el correspondiente registro de centros y entidades formativas para las especialidades objeto de la formaci\u00f3n, &hellip;<\/p>\n","protected":false},"author":2,"featured_media":1066,"comment_status":"closed","ping_status":"open","sticky":false,"template":"","format":"standard","meta":{"footnotes":"","_jetpack_memberships_contains_paid_content":false},"categories":[4],"tags":[123,91,162,104,122,31,64,157,78,159,90,156,19,89,79,127,126,124,125,118,93,66,65,74,119,67,75],"jetpack_sharing_enabled":true,"jetpack_featured_media_url":"https:\/\/blog.dgformacion.com\/wp-content\/uploads\/2025\/07\/cond-no-conducentes-extremadura-certificado-profesional.png","_links":{"self":[{"href":"https:\/\/blog.dgformacion.com\/index.php?rest_route=\/wp\/v2\/posts\/1060"}],"collection":[{"href":"https:\/\/blog.dgformacion.com\/index.php?rest_route=\/wp\/v2\/posts"}],"about":[{"href":"https:\/\/blog.dgformacion.com\/index.php?rest_route=\/wp\/v2\/types\/post"}],"author":[{"embeddable":true,"href":"https:\/\/blog.dgformacion.com\/index.php?rest_route=\/wp\/v2\/users\/2"}],"replies":[{"embeddable":true,"href":"https:\/\/blog.dgformacion.com\/index.php?rest_route=%2Fwp%2Fv2%2Fcomments&post=1060"}],"version-history":[{"count":2,"href":"https:\/\/blog.dgformacion.com\/index.php?rest_route=\/wp\/v2\/posts\/1060\/revisions"}],"predecessor-version":[{"id":1068,"href":"https:\/\/blog.dgformacion.com\/index.php?rest_route=\/wp\/v2\/posts\/1060\/revisions\/1068"}],"wp:featuredmedia":[{"embeddable":true,"href":"https:\/\/blog.dgformacion.com\/index.php?rest_route=\/wp\/v2\/media\/1066"}],"wp:attachment":[{"href":"https:\/\/blog.dgformacion.com\/index.php?rest_route=%2Fwp%2Fv2%2Fmedia&parent=1060"}],"wp:term":[{"taxonomy":"category","embeddable":true,"href":"https:\/\/blog.dgformacion.com\/index.php?rest_route=%2Fwp%2Fv2%2Fcategories&post=1060"},{"taxonomy":"post_tag","embeddable":true,"href":"https:\/\/blog.dgformacion.com\/index.php?rest_route=%2Fwp%2Fv2%2Ftags&post=1060"}],"curies":[{"name":"wp","href":"https:\/\/api.w.org\/{rel}","templated":true}]}}