{"id":1077,"date":"2025-08-18T10:54:34","date_gmt":"2025-08-18T09:54:34","guid":{"rendered":"https:\/\/blog.dgformacion.com\/?p=1077"},"modified":"2025-08-18T10:54:35","modified_gmt":"2025-08-18T09:54:35","slug":"personas-trabajadoras-desempleadas-y-ocupadas-2025-2028-islas-baleares","status":"publish","type":"post","link":"https:\/\/blog.dgformacion.com\/?p=1077","title":{"rendered":"Personas trabajadoras desempleadas y ocupadas, 2025-2028 &#8211; Islas Baleares"},"content":{"rendered":"\n<p>El Servei d\u2019Ocupaci\u00f3 de les Illes Balears (SOIB) ha puesto en marcha una nueva convocatoria de ayudas destinada a financiar programas de formaci\u00f3n en el \u00e1mbito laboral, dirigidos tanto a personas en situaci\u00f3n de desempleo como a trabajadores en activo, para el periodo 2025-2028.<\/p>\n\n\n\n<p>El prop\u00f3sito de estas ayudas es respaldar acciones formativas en el entorno de trabajo que contribuyan a reforzar las competencias profesionales, aumentar las opciones de inserci\u00f3n laboral, facilitar la recualificaci\u00f3n y responder a las demandas del tejido empresarial.<\/p>\n\n\n\n<p>La convocatoria dispone de un presupuesto global de 16.400.000 \u20ac y se articular\u00e1 en dos l\u00edneas de actuaci\u00f3n:<\/p>\n\n\n\n<p class=\"has-text-align-center\"><strong>DESTINATARIOS<\/strong><br>Podr\u00e1n participar las entidades de formaci\u00f3n, tanto p\u00fablicas como privadas, siempre que est\u00e9n inscritas en el Registro Estatal de Entidades de Formaci\u00f3n en las especialidades correspondientes y para el n\u00famero de alumnos previsto, tanto en modalidad presencial como a trav\u00e9s de teleformaci\u00f3n.<\/p>\n\n\n\n<p class=\"has-text-align-center\">En el caso de la formaci\u00f3n presencial, ser\u00e1 necesario que dichas entidades cuenten con instalaciones autorizadas e inscritas en el SOIB con permiso para la impartici\u00f3n de las especialidades solicitadas.<\/p>\n\n\n\n<p class=\"has-text-align-center\">Para la modalidad de teleformaci\u00f3n, las entidades deber\u00e1n tener su sede social o fiscal en las Islas y disponer de plataformas de formaci\u00f3n online registradas y validadas por el SOIB.<\/p>\n\n\n\n<p class=\"has-text-align-center\"><strong>PRESUPUESTO TOTAL DISPONIBLE<\/strong><br>L\u00cdNEA I: 9.200.000,00\u20ac para Especialidades Formativas.<br>L\u00cdNEA II: 7.000.000,00\u20ac para Programas Sectoriales y Transversales.<\/p>\n\n\n\n<p class=\"has-text-align-center\"><strong>MODALIDAD DE IMPARTICI\u00d3N<\/strong><br>Modalidad presencial y teleformaci\u00f3n, si en el programa de la especialidad formativa no se exigen horas presenciales.<\/p>\n\n\n\n<p class=\"has-text-align-center\"><strong>PLAZO DE LA SOLICITUD<\/strong><br>1er Plazo: HASTA 10 d\u00edas h\u00e1biles desde la publicaci\u00f3n en el BOIB (14\/08\/2025 &#8211; 29\/08\/2025).<br>2\u00ba Plazo: COMIENZA el 20 de febrero, 2026.<\/p>\n\n\n\n<p class=\"has-text-align-center\"><strong>CATEGOR\u00cdA<\/strong><br>Especialidades formativas: Programas Formativos del Cat\u00e1logo INCUAL.<\/p>\n\n\n\n<p>Para m\u00e1s informaci\u00f3n, visital el siguiente enlace:<\/p>\n\n\n\n<div class=\"wp-block-buttons is-content-justification-center is-layout-flex wp-container-core-buttons-layout-1 wp-block-buttons-is-layout-flex\">\n<div class=\"wp-block-button\"><a class=\"wp-block-button__link has-white-color has-text-color has-link-color wp-element-button\" href=\"https:\/\/www.pap.hacienda.gob.es\/bdnstrans\/GE\/es\/convocatorias\/851711\" target=\"_blank\" rel=\"noreferrer noopener\">Ver convocatoria oficial<\/a><\/div>\n<\/div>\n\n\n\n<p><\/p>\n\n\n\n<p class=\"has-text-align-center\" style=\"font-size:24px\">Echa un vistazo a nuestro cat\u00e1logo completo&nbsp;<a href=\"https:\/\/dgformacion.com\/categoria-curso\/contenido-en-formato-digital\/certificados-de-profesionalidad\/\" target=\"_blank\" rel=\"noreferrer noopener\">pinchando aqu\u00ed<\/a>.<\/p>\n\n\n\n<p class=\"has-text-align-center\">Contacta con nosotros a trav\u00e9s del 914 32 02 02, o info@dgformacion.com.<\/p>\n","protected":false},"excerpt":{"rendered":"<p>El Servei d\u2019Ocupaci\u00f3 de les Illes Balears (SOIB) ha puesto en marcha una nueva convocatoria de ayudas destinada a financiar programas de formaci\u00f3n en el \u00e1mbito laboral, dirigidos tanto a personas en situaci\u00f3n de desempleo como a trabajadores en activo, para el periodo 2025-2028. El prop\u00f3sito de estas ayudas es respaldar acciones formativas en el &hellip;<\/p>\n","protected":false},"author":2,"featured_media":1078,"comment_status":"closed","ping_status":"open","sticky":false,"template":"","format":"standard","meta":{"footnotes":"","_jetpack_memberships_contains_paid_content":false},"categories":[4],"tags":[165,123,91,162,104,122,31,64,157,78,159,90,156,19,89,164,127,126,124,125,118,93,66,65,74,119,67,75],"jetpack_sharing_enabled":true,"jetpack_featured_media_url":"https:\/\/blog.dgformacion.com\/wp-content\/uploads\/2025\/08\/trabajadores-ocupados-desempleados-islas-baleares-2028.png","_links":{"self":[{"href":"https:\/\/blog.dgformacion.com\/index.php?rest_route=\/wp\/v2\/posts\/1077"}],"collection":[{"href":"https:\/\/blog.dgformacion.com\/index.php?rest_route=\/wp\/v2\/posts"}],"about":[{"href":"https:\/\/blog.dgformacion.com\/index.php?rest_route=\/wp\/v2\/types\/post"}],"author":[{"embeddable":true,"href":"https:\/\/blog.dgformacion.com\/index.php?rest_route=\/wp\/v2\/users\/2"}],"replies":[{"embeddable":true,"href":"https:\/\/blog.dgformacion.com\/index.php?rest_route=%2Fwp%2Fv2%2Fcomments&post=1077"}],"version-history":[{"count":1,"href":"https:\/\/blog.dgformacion.com\/index.php?rest_route=\/wp\/v2\/posts\/1077\/revisions"}],"predecessor-version":[{"id":1079,"href":"https:\/\/blog.dgformacion.com\/index.php?rest_route=\/wp\/v2\/posts\/1077\/revisions\/1079"}],"wp:featuredmedia":[{"embeddable":true,"href":"https:\/\/blog.dgformacion.com\/index.php?rest_route=\/wp\/v2\/media\/1078"}],"wp:attachment":[{"href":"https:\/\/blog.dgformacion.com\/index.php?rest_route=%2Fwp%2Fv2%2Fmedia&parent=1077"}],"wp:term":[{"taxonomy":"category","embeddable":true,"href":"https:\/\/blog.dgformacion.com\/index.php?rest_route=%2Fwp%2Fv2%2Fcategories&post=1077"},{"taxonomy":"post_tag","embeddable":true,"href":"https:\/\/blog.dgformacion.com\/index.php?rest_route=%2Fwp%2Fv2%2Ftags&post=1077"}],"curies":[{"name":"wp","href":"https:\/\/api.w.org\/{rel}","templated":true}]}}