{"id":1080,"date":"2025-08-19T08:23:52","date_gmt":"2025-08-19T07:23:52","guid":{"rendered":"https:\/\/blog.dgformacion.com\/?p=1080"},"modified":"2025-08-19T08:23:53","modified_gmt":"2025-08-19T07:23:53","slug":"activacion-para-empleo-de-personas-trabajadoras-desempleadas-2025-melilla","status":"publish","type":"post","link":"https:\/\/blog.dgformacion.com\/?p=1080","title":{"rendered":"Activaci\u00f3n para empleo de personas trabajadoras desempleadas, 2025 &#8211; Melilla"},"content":{"rendered":"\n<p>El Servicio P\u00fablico Estatal en Melilla ha dado luz verde a una convocatoria de ayudas destinada a financiar programas de activaci\u00f3n para el empleo, orientados a personas desempleadas residentes en la ciudad.<\/p>\n\n\n\n<p>Estas subvenciones buscan impulsar la empleabilidad facilitando la adquisici\u00f3n de nuevas competencias profesionales.<\/p>\n\n\n\n<p class=\"has-text-align-center\"><strong>DESTINATARIOS<\/strong><br>Dirigida a entidades de formaci\u00f3n (p\u00fablicas o privadas) con personalidad jur\u00eddica propia y sin \u00e1nimo de lucro.<\/p>\n\n\n\n<p class=\"has-text-align-center\"><strong>PRESUPUESTO TOTAL DISPONIBLE<\/strong><br>Un total de 202.966,86\u20ac.<\/p>\n\n\n\n<p class=\"has-text-align-center\"><strong>MODALIDAD DE IMPARTICI\u00d3N<\/strong><br>Aquella validada en el Cat\u00e1logo Nacional de Especialidades Formativas.<\/p>\n\n\n\n<p class=\"has-text-align-center\"><strong>PLAZO DE LA SOLICITUD<\/strong><br>Fecha l\u00edmite: hasta el 9 de semptiembre, 2025.<\/p>\n\n\n\n<p class=\"has-text-align-center\"><strong>CATEGOR\u00cdA<\/strong><br>Especialidades formativas.<\/p>\n\n\n\n<p>Para m\u00e1s informaci\u00f3n, visital el siguiente enlace:<\/p>\n\n\n\n<div class=\"wp-block-buttons is-content-justification-center is-layout-flex wp-container-core-buttons-layout-1 wp-block-buttons-is-layout-flex\">\n<div class=\"wp-block-button\"><a class=\"wp-block-button__link has-white-color has-text-color has-link-color wp-element-button\" href=\"https:\/\/www.pap.hacienda.gob.es\/bdnstrans\/GE\/es\/convocatorias\/850691\" target=\"_blank\" rel=\"noreferrer noopener\">Ver convocatoria oficial<\/a><\/div>\n<\/div>\n\n\n\n<p><\/p>\n\n\n\n<p class=\"has-text-align-center\" style=\"font-size:24px\">Echa un vistazo a nuestro cat\u00e1logo completo&nbsp;<a href=\"https:\/\/dgformacion.com\/categoria-curso\/contenido-en-formato-digital\/certificados-de-profesionalidad\/\" target=\"_blank\" rel=\"noreferrer noopener\">pinchando aqu\u00ed<\/a>.<\/p>\n\n\n\n<p class=\"has-text-align-center\">Contacta con nosotros a trav\u00e9s del 914 32 02 02, o info@dgformacion.com.<\/p>\n","protected":false},"excerpt":{"rendered":"<p>El Servicio P\u00fablico Estatal en Melilla ha dado luz verde a una convocatoria de ayudas destinada a financiar programas de activaci\u00f3n para el empleo, orientados a personas desempleadas residentes en la ciudad. Estas subvenciones buscan impulsar la empleabilidad facilitando la adquisici\u00f3n de nuevas competencias profesionales. DESTINATARIOSDirigida a entidades de formaci\u00f3n (p\u00fablicas o privadas) con personalidad &hellip;<\/p>\n","protected":false},"author":2,"featured_media":1081,"comment_status":"closed","ping_status":"open","sticky":false,"template":"","format":"standard","meta":{"footnotes":"","_jetpack_memberships_contains_paid_content":false},"categories":[4],"tags":[166,123,91,162,104,122,31,64,157,78,159,90,156,19,89,127,126,124,125,143,118,93,66,65,74,119,67,75],"jetpack_sharing_enabled":true,"jetpack_featured_media_url":"https:\/\/blog.dgformacion.com\/wp-content\/uploads\/2025\/08\/activacion-para-empleo-personas-trabajadoras-desempleadas-melilla.png","_links":{"self":[{"href":"https:\/\/blog.dgformacion.com\/index.php?rest_route=\/wp\/v2\/posts\/1080"}],"collection":[{"href":"https:\/\/blog.dgformacion.com\/index.php?rest_route=\/wp\/v2\/posts"}],"about":[{"href":"https:\/\/blog.dgformacion.com\/index.php?rest_route=\/wp\/v2\/types\/post"}],"author":[{"embeddable":true,"href":"https:\/\/blog.dgformacion.com\/index.php?rest_route=\/wp\/v2\/users\/2"}],"replies":[{"embeddable":true,"href":"https:\/\/blog.dgformacion.com\/index.php?rest_route=%2Fwp%2Fv2%2Fcomments&post=1080"}],"version-history":[{"count":1,"href":"https:\/\/blog.dgformacion.com\/index.php?rest_route=\/wp\/v2\/posts\/1080\/revisions"}],"predecessor-version":[{"id":1082,"href":"https:\/\/blog.dgformacion.com\/index.php?rest_route=\/wp\/v2\/posts\/1080\/revisions\/1082"}],"wp:featuredmedia":[{"embeddable":true,"href":"https:\/\/blog.dgformacion.com\/index.php?rest_route=\/wp\/v2\/media\/1081"}],"wp:attachment":[{"href":"https:\/\/blog.dgformacion.com\/index.php?rest_route=%2Fwp%2Fv2%2Fmedia&parent=1080"}],"wp:term":[{"taxonomy":"category","embeddable":true,"href":"https:\/\/blog.dgformacion.com\/index.php?rest_route=%2Fwp%2Fv2%2Fcategories&post=1080"},{"taxonomy":"post_tag","embeddable":true,"href":"https:\/\/blog.dgformacion.com\/index.php?rest_route=%2Fwp%2Fv2%2Ftags&post=1080"}],"curies":[{"name":"wp","href":"https:\/\/api.w.org\/{rel}","templated":true}]}}