{"id":1083,"date":"2025-09-02T09:09:01","date_gmt":"2025-09-02T08:09:01","guid":{"rendered":"https:\/\/blog.dgformacion.com\/?p=1083"},"modified":"2025-09-03T08:10:05","modified_gmt":"2025-09-03T07:10:05","slug":"formacio-doferta-en-arees-prioritaries-cataluna-2025","status":"publish","type":"post","link":"https:\/\/blog.dgformacion.com\/?p=1083","title":{"rendered":"Formaci\u00f3 d\u2019Oferta en \u00c0rees Priorit\u00e0ries, Catalu\u00f1a &#8211; 2025."},"content":{"rendered":"\n<p>Ya est\u00e1 abierta la nueva edici\u00f3n del programa de <strong>Formaci\u00f3n de Oferta en \u00c1reas Prioritarias (FOAP)<\/strong>, con un presupuesto de 90 millones de euros para impulsar la cualificaci\u00f3n profesional en Catalu\u00f1a. La convocatoria incluye modalidades <strong>presencial, virtual y semipresencial<\/strong>, con itinerarios formativos en \u00e1reas prioritarias y pr\u00e1cticas en empresa, dirigidos a mejorar la empleabilidad de los colectivos con mayores dificultades de acceso al mercado laboral.<\/p>\n\n\n\n<p class=\"has-text-align-center\"><strong>DESTINATARIOS<\/strong><br><strong>Tipo A:<\/strong> entidades con alguna acci\u00f3n realizada y otorgada en las convocatorias FOAP 2023, 2022 y\/o 2021.<br><strong>Tipo B:<\/strong> el resto de entidades, que no han sido beneficiarias o no han ejecutado acciones en esos tres ejercicios.<\/p>\n\n\n\n<p class=\"has-text-align-center\"><strong>PRESUPUESTO TOTAL DISPONIBLE<br><\/strong>90.000.000,00 \u20ac<\/p>\n\n\n\n<p class=\"has-text-align-center\"><strong>PLAZO DE LA SOLICITUD<br><\/strong>Del 16 al 30 de septiembre, 2025.<\/p>\n\n\n\n<p class=\"has-text-align-center\"><strong>MODALIDAD DE IMPARTICI\u00d3N<\/strong><br>\u2013 Itinerarios de <strong>Grados C y B<\/strong>, competencias clave (idiomas), formaci\u00f3n transversal <br>y per\u00edodo de formaci\u00f3n en empresa<strong> (80 h)<\/strong>.<\/p>\n\n\n\n<p class=\"has-text-align-center\"><strong>CATEGOR\u00cdA<br><\/strong>Especialidades formativas.<\/p>\n\n\n\n<p>Para m\u00e1s informaci\u00f3n, visital el siguiente enlace:<\/p>\n\n\n\n<div class=\"wp-block-buttons is-content-justification-center is-layout-flex wp-container-core-buttons-layout-1 wp-block-buttons-is-layout-flex\">\n<div class=\"wp-block-button\"><a class=\"wp-block-button__link has-white-color has-text-color has-link-color wp-element-button\" href=\"https:\/\/portaldogc.gencat.cat\/utilsEADOP\/PDF\/9473\/2104395.pdf\" target=\"_blank\" rel=\"noreferrer noopener\">Ver convocatoria<\/a><\/div>\n<\/div>\n\n\n\n<p><\/p>\n\n\n\n<p class=\"has-text-align-center\" style=\"font-size:24px\">Echa un vistazo a nuestro cat\u00e1logo completo&nbsp;<a href=\"https:\/\/dgformacion.com\/categoria-curso\/contenido-en-formato-digital\/certificados-de-profesionalidad\/\" target=\"_blank\" rel=\"noreferrer noopener\">pinchando aqu\u00ed<\/a>.<\/p>\n\n\n\n<p class=\"has-text-align-center\">Contacta con nosotros a trav\u00e9s del 914 32 02 02, o info@dgformacion.com.<\/p>\n","protected":false},"excerpt":{"rendered":"<p>Ya est\u00e1 abierta la nueva edici\u00f3n del programa de Formaci\u00f3n de Oferta en \u00c1reas Prioritarias (FOAP), con un presupuesto de 90 millones de euros para impulsar la cualificaci\u00f3n profesional en Catalu\u00f1a. La convocatoria incluye modalidades presencial, virtual y semipresencial, con itinerarios formativos en \u00e1reas prioritarias y pr\u00e1cticas en empresa, dirigidos a mejorar la empleabilidad de &hellip;<\/p>\n","protected":false},"author":2,"featured_media":1084,"comment_status":"closed","ping_status":"open","sticky":false,"template":"","format":"standard","meta":{"footnotes":"","_jetpack_memberships_contains_paid_content":false},"categories":[4],"tags":[123,108,146,91,104,122,31,64,78,90,167,168,19,169,89,127,126,124,125,118,93,66,65,74,119,67,75],"jetpack_sharing_enabled":true,"jetpack_featured_media_url":"https:\/\/blog.dgformacion.com\/wp-content\/uploads\/2025\/09\/foap-formacion-oferta-areas-prioritarias-formacio-oferta-arees-prioritaries-catalunya-cataluna-cataluna.png","_links":{"self":[{"href":"https:\/\/blog.dgformacion.com\/index.php?rest_route=\/wp\/v2\/posts\/1083"}],"collection":[{"href":"https:\/\/blog.dgformacion.com\/index.php?rest_route=\/wp\/v2\/posts"}],"about":[{"href":"https:\/\/blog.dgformacion.com\/index.php?rest_route=\/wp\/v2\/types\/post"}],"author":[{"embeddable":true,"href":"https:\/\/blog.dgformacion.com\/index.php?rest_route=\/wp\/v2\/users\/2"}],"replies":[{"embeddable":true,"href":"https:\/\/blog.dgformacion.com\/index.php?rest_route=%2Fwp%2Fv2%2Fcomments&post=1083"}],"version-history":[{"count":3,"href":"https:\/\/blog.dgformacion.com\/index.php?rest_route=\/wp\/v2\/posts\/1083\/revisions"}],"predecessor-version":[{"id":1087,"href":"https:\/\/blog.dgformacion.com\/index.php?rest_route=\/wp\/v2\/posts\/1083\/revisions\/1087"}],"wp:featuredmedia":[{"embeddable":true,"href":"https:\/\/blog.dgformacion.com\/index.php?rest_route=\/wp\/v2\/media\/1084"}],"wp:attachment":[{"href":"https:\/\/blog.dgformacion.com\/index.php?rest_route=%2Fwp%2Fv2%2Fmedia&parent=1083"}],"wp:term":[{"taxonomy":"category","embeddable":true,"href":"https:\/\/blog.dgformacion.com\/index.php?rest_route=%2Fwp%2Fv2%2Fcategories&post=1083"},{"taxonomy":"post_tag","embeddable":true,"href":"https:\/\/blog.dgformacion.com\/index.php?rest_route=%2Fwp%2Fv2%2Ftags&post=1083"}],"curies":[{"name":"wp","href":"https:\/\/api.w.org\/{rel}","templated":true}]}}