{"id":1089,"date":"2025-09-05T08:47:33","date_gmt":"2025-09-05T07:47:33","guid":{"rendered":"https:\/\/blog.dgformacion.com\/?p=1089"},"modified":"2025-09-12T08:09:28","modified_gmt":"2025-09-12T07:09:28","slug":"programa-talento-y-empleo-para-sectores-estrategicos-automocion-cantabria-2025","status":"publish","type":"post","link":"https:\/\/blog.dgformacion.com\/?p=1089","title":{"rendered":"Programa \u00abTalento y Empleo\u00bb para sectores estrat\u00e9gicos: AUTOMOCI\u00d3N, Cantabria- 2025."},"content":{"rendered":"\n<p>La <strong>Convocatoria \u201cTalento y Empleo \u2014 Sector Automoci\u00f3n 2025\u201d<\/strong>, impulsada por el <strong>Servicio C\u00e1ntabro de Empleo<\/strong>, supone una oportunidad estrat\u00e9gica para impulsar la formaci\u00f3n, la innovaci\u00f3n y la incorporaci\u00f3n de talento especializado en el sector automovil\u00edstico de Cantabria.<\/p>\n\n\n\n<p class=\"has-text-align-center\"><strong>DESTINATARIOS<\/strong><br>Empresas inscritas y acreditadas como entidad de formaci\u00f3n en el Cat\u00e1logo de Especialidades Formativas.<\/p>\n\n\n\n<p class=\"has-text-align-center\"><strong>PRESUPUESTO TOTAL DISPONIBLE<br><\/strong>1.000.000,00 \u20ac<\/p>\n\n\n\n<p class=\"has-text-align-center\"><strong>PLAZO DE LA SOLICITUD<\/strong><br>Un mes a partir del d\u00eda siguiente a la fecha de publicaci\u00f3n del extracto de la convocatoria <br>en el \u201cBolet\u00edn Oficial de Cantabria\u201d (publicado el 02\/09\/2025).<\/p>\n\n\n\n<p class=\"has-text-align-center\"><strong>MODALIDAD DE IMPARTICI\u00d3N<\/strong><br>Presencial, aula virtual, teleformaci\u00f3n y mixta.<\/p>\n\n\n\n<p class=\"has-text-align-center\"><strong>CATEGOR\u00cdA<br><\/strong>Especialidades formativas espec\u00edfica y transversal (25% como m\u00e1ximo del plan), <br>vinculadas a la automoci\u00f3n.<\/p>\n\n\n\n<p>Para m\u00e1s informaci\u00f3n, visital el siguiente enlace:<\/p>\n\n\n\n<div class=\"wp-block-buttons is-content-justification-center is-layout-flex wp-container-core-buttons-layout-1 wp-block-buttons-is-layout-flex\">\n<div class=\"wp-block-button\"><a class=\"wp-block-button__link has-white-color has-text-color has-link-color wp-element-button\" href=\"https:\/\/verificacsv.cantabria.es\/verificacsv\/csv\/download\/5937df67-e0aa-4847-b7df-67e0aa9847a3\" target=\"_blank\" rel=\"noreferrer noopener\">Ver convocatoria<\/a><\/div>\n<\/div>\n\n\n\n<p><\/p>\n\n\n\n<p class=\"has-text-align-center\" style=\"font-size:24px\">Echa un vistazo a nuestro cat\u00e1logo completo&nbsp;<a href=\"https:\/\/dgformacion.com\/categoria-curso\/contenido-en-formato-digital\/certificados-de-profesionalidad\/\" target=\"_blank\" rel=\"noreferrer noopener\">pinchando aqu\u00ed<\/a>.<\/p>\n\n\n\n<p class=\"has-text-align-center\">Contacta con nosotros a trav\u00e9s del 914 32 02 02, o info@dgformacion.com.<\/p>\n","protected":false},"excerpt":{"rendered":"<p>La Convocatoria \u201cTalento y Empleo \u2014 Sector Automoci\u00f3n 2025\u201d, impulsada por el Servicio C\u00e1ntabro de Empleo, supone una oportunidad estrat\u00e9gica para impulsar la formaci\u00f3n, la innovaci\u00f3n y la incorporaci\u00f3n de talento especializado en el sector automovil\u00edstico de Cantabria. DESTINATARIOSEmpresas inscritas y acreditadas como entidad de formaci\u00f3n en el Cat\u00e1logo de Especialidades Formativas. PRESUPUESTO TOTAL DISPONIBLE1.000.000,00 &hellip;<\/p>\n","protected":false},"author":2,"featured_media":1107,"comment_status":"closed","ping_status":"open","sticky":false,"template":"","format":"standard","meta":{"footnotes":"","_jetpack_memberships_contains_paid_content":false},"categories":[4],"tags":[123,102,91,104,122,31,64,78,90,167,168,19,169,89,127,126,124,125,118,93,66,65,74,119,67,75],"jetpack_sharing_enabled":true,"jetpack_featured_media_url":"https:\/\/blog.dgformacion.com\/wp-content\/uploads\/2025\/09\/ConvocPortada.png","_links":{"self":[{"href":"https:\/\/blog.dgformacion.com\/index.php?rest_route=\/wp\/v2\/posts\/1089"}],"collection":[{"href":"https:\/\/blog.dgformacion.com\/index.php?rest_route=\/wp\/v2\/posts"}],"about":[{"href":"https:\/\/blog.dgformacion.com\/index.php?rest_route=\/wp\/v2\/types\/post"}],"author":[{"embeddable":true,"href":"https:\/\/blog.dgformacion.com\/index.php?rest_route=\/wp\/v2\/users\/2"}],"replies":[{"embeddable":true,"href":"https:\/\/blog.dgformacion.com\/index.php?rest_route=%2Fwp%2Fv2%2Fcomments&post=1089"}],"version-history":[{"count":4,"href":"https:\/\/blog.dgformacion.com\/index.php?rest_route=\/wp\/v2\/posts\/1089\/revisions"}],"predecessor-version":[{"id":1095,"href":"https:\/\/blog.dgformacion.com\/index.php?rest_route=\/wp\/v2\/posts\/1089\/revisions\/1095"}],"wp:featuredmedia":[{"embeddable":true,"href":"https:\/\/blog.dgformacion.com\/index.php?rest_route=\/wp\/v2\/media\/1107"}],"wp:attachment":[{"href":"https:\/\/blog.dgformacion.com\/index.php?rest_route=%2Fwp%2Fv2%2Fmedia&parent=1089"}],"wp:term":[{"taxonomy":"category","embeddable":true,"href":"https:\/\/blog.dgformacion.com\/index.php?rest_route=%2Fwp%2Fv2%2Fcategories&post=1089"},{"taxonomy":"post_tag","embeddable":true,"href":"https:\/\/blog.dgformacion.com\/index.php?rest_route=%2Fwp%2Fv2%2Ftags&post=1089"}],"curies":[{"name":"wp","href":"https:\/\/api.w.org\/{rel}","templated":true}]}}