{"id":1096,"date":"2025-09-09T12:15:12","date_gmt":"2025-09-09T11:15:12","guid":{"rendered":"https:\/\/blog.dgformacion.com\/?p=1096"},"modified":"2025-09-17T11:26:16","modified_gmt":"2025-09-17T10:26:16","slug":"formacion-profesional-en-el-sector-del-transporte-estatal-2025","status":"publish","type":"post","link":"https:\/\/blog.dgformacion.com\/?p=1096","title":{"rendered":"Formaci\u00f3n profesional en el sector del transporte, Estatal &#8211; 2025."},"content":{"rendered":"\n<p>Se ha publicado la convocatoria estatal de subvenciones para financiar acciones formativas en el sector del Transporte y Mantenimiento de Veh\u00edculos. El objetivo es dar respuesta a la escasez de conductores profesionales de cami\u00f3n y autob\u00fas, mejorando la cualificaci\u00f3n y la empleabilidad en un sector estrat\u00e9gico para la movilidad y la log\u00edstica.<\/p>\n\n\n\n<p class=\"has-text-align-center\"><strong>DESTINATARIOS<\/strong><br>Entidades de formaci\u00f3n p\u00fablicas o privadas acreditadas para impartir los certificados profesionales, inscritas en el registro correspondiente, y agrupaciones de hasta 4 centros acreditados con presencia nacional.<\/p>\n\n\n\n<p class=\"has-text-align-center\"><strong>PRESUPUESTO TOTAL DISPONIBLE<br><\/strong>4.660.000 \u20ac <br>(4.500.000 \u20ac para programas formativos + 160.000 \u20ac para becas y ayudas).<\/p>\n\n\n\n<p class=\"has-text-align-center\"><strong>PLAZO DE LA SOLICITUD<\/strong><br>10 d\u00edas h\u00e1biles desde la publicaci\u00f3n del extracto en el BOE. <br>(Desde el 17 de septiembre hasta el 30 de septiembre).<\/p>\n\n\n\n<p class=\"has-text-align-center\"><strong>MODALIDAD DE IMPARTICI\u00d3N<\/strong><br>Presencial, a distancia o mixta (seg\u00fan los certificados profesionales de referencia).<\/p>\n\n\n\n<p class=\"has-text-align-center\"><strong>CATEGOR\u00cdA<br><\/strong>Subvenciones para acciones formativas vinculadas al Cat\u00e1logo Nacional de Est\u00e1ndares de Competencias Profesionales.<\/p>\n\n\n\n<p>Para m\u00e1s informaci\u00f3n, visital el siguiente enlace:<\/p>\n\n\n\n<div class=\"wp-block-buttons is-content-justification-center is-layout-flex wp-container-core-buttons-layout-1 wp-block-buttons-is-layout-flex\">\n<div class=\"wp-block-button\"><a class=\"wp-block-button__link has-white-color has-text-color has-link-color wp-element-button\" href=\"https:\/\/www.pap.hacienda.gob.es\/bdnstrans\/GE\/es\/convocatorias\/854796\" target=\"_blank\" rel=\"noreferrer noopener\">Ver convocatoria<\/a><\/div>\n<\/div>\n\n\n\n<p><\/p>\n\n\n\n<p class=\"has-text-align-center\" style=\"font-size:24px\">Echa un vistazo a nuestro cat\u00e1logo completo&nbsp;<a href=\"https:\/\/dgformacion.com\/categoria-curso\/contenido-en-formato-digital\/certificados-de-profesionalidad\/\" target=\"_blank\" rel=\"noreferrer noopener\">pinchando aqu\u00ed<\/a>.<\/p>\n\n\n\n<p class=\"has-text-align-center\">Contacta con nosotros a trav\u00e9s del 914 32 02 02, o info@dgformacion.com.<\/p>\n","protected":false},"excerpt":{"rendered":"<p>Se ha publicado la convocatoria estatal de subvenciones para financiar acciones formativas en el sector del Transporte y Mantenimiento de Veh\u00edculos. El objetivo es dar respuesta a la escasez de conductores profesionales de cami\u00f3n y autob\u00fas, mejorando la cualificaci\u00f3n y la empleabilidad en un sector estrat\u00e9gico para la movilidad y la log\u00edstica. DESTINATARIOSEntidades de formaci\u00f3n &hellip;<\/p>\n","protected":false},"author":2,"featured_media":1097,"comment_status":"closed","ping_status":"open","sticky":false,"template":"","format":"standard","meta":{"footnotes":"","_jetpack_memberships_contains_paid_content":false},"categories":[4],"tags":[123,91,104,122,31,64,78,90,7,99,167,168,19,169,89,127,126,124,125,118,93,66,65,74,119,67,170,75],"jetpack_sharing_enabled":true,"jetpack_featured_media_url":"https:\/\/blog.dgformacion.com\/wp-content\/uploads\/2025\/09\/espana-espana-spain-transporte-2025.png","_links":{"self":[{"href":"https:\/\/blog.dgformacion.com\/index.php?rest_route=\/wp\/v2\/posts\/1096"}],"collection":[{"href":"https:\/\/blog.dgformacion.com\/index.php?rest_route=\/wp\/v2\/posts"}],"about":[{"href":"https:\/\/blog.dgformacion.com\/index.php?rest_route=\/wp\/v2\/types\/post"}],"author":[{"embeddable":true,"href":"https:\/\/blog.dgformacion.com\/index.php?rest_route=\/wp\/v2\/users\/2"}],"replies":[{"embeddable":true,"href":"https:\/\/blog.dgformacion.com\/index.php?rest_route=%2Fwp%2Fv2%2Fcomments&post=1096"}],"version-history":[{"count":4,"href":"https:\/\/blog.dgformacion.com\/index.php?rest_route=\/wp\/v2\/posts\/1096\/revisions"}],"predecessor-version":[{"id":1115,"href":"https:\/\/blog.dgformacion.com\/index.php?rest_route=\/wp\/v2\/posts\/1096\/revisions\/1115"}],"wp:featuredmedia":[{"embeddable":true,"href":"https:\/\/blog.dgformacion.com\/index.php?rest_route=\/wp\/v2\/media\/1097"}],"wp:attachment":[{"href":"https:\/\/blog.dgformacion.com\/index.php?rest_route=%2Fwp%2Fv2%2Fmedia&parent=1096"}],"wp:term":[{"taxonomy":"category","embeddable":true,"href":"https:\/\/blog.dgformacion.com\/index.php?rest_route=%2Fwp%2Fv2%2Fcategories&post=1096"},{"taxonomy":"post_tag","embeddable":true,"href":"https:\/\/blog.dgformacion.com\/index.php?rest_route=%2Fwp%2Fv2%2Ftags&post=1096"}],"curies":[{"name":"wp","href":"https:\/\/api.w.org\/{rel}","templated":true}]}}