{"id":1100,"date":"2025-09-10T13:01:31","date_gmt":"2025-09-10T12:01:31","guid":{"rendered":"https:\/\/blog.dgformacion.com\/?p=1100"},"modified":"2025-09-10T13:10:31","modified_gmt":"2025-09-10T12:10:31","slug":"personas-trabajadoras-desempleadas-region-de-murcia-2025","status":"publish","type":"post","link":"https:\/\/blog.dgformacion.com\/?p=1100","title":{"rendered":"Personas Trabajadoras Desempleadas &#8211; Regi\u00f3n de Murcia, 2025."},"content":{"rendered":"\n<p>La Consejer\u00eda de Empresa, Empleo y Econom\u00eda Social de la Regi\u00f3n de Murcia ha abierto la convocatoria de subvenciones para acciones formativas dirigidas a personas desempleadas en 2025. Estas ayudas buscan mejorar la empleabilidad y atender las demandas espec\u00edficas de los sectores productivos regionales mediante programas de formaci\u00f3n especializados.<\/p>\n\n\n\n<p class=\"has-text-align-center\"><strong>DESTINATARIOS<\/strong><br>Entidades de formaci\u00f3n p\u00fablicas o privadas inscritas en el Registro del SEF y en el Registro Estatal, con instalaciones homologadas en la Regi\u00f3n de Murcia (tambi\u00e9n agrupaciones de entidades). <\/p>\n\n\n\n<p class=\"has-text-align-center\"><strong>PRESUPUESTO TOTAL DISPONIBLE<br><\/strong>2.906.027,08 \u20ac <br>(Programa 1: 271.837,87\u20ac.<br>Programa 2: 2.492.550,00\u20ac. <br>Programa 3: 141.639,21).<\/p>\n\n\n\n<p class=\"has-text-align-center\"><strong>PLAZO DE LA SOLICITUD<\/strong><br>15 d\u00edas h\u00e1biles a partir del d\u00eda siguiente de la publicaci\u00f3n en el BORM.<\/p>\n\n\n\n<p class=\"has-text-align-center\"><strong>MODALIDAD DE IMPARTICI\u00d3N<\/strong><br>Presencial, dentro de la Regi\u00f3n de Murcia.<\/p>\n\n\n\n<p class=\"has-text-align-center\"><strong>CATEGOR\u00cdA<br><\/strong>Programas de formaci\u00f3n dirigidos a personas trabajadoras desempleadas:<br>Programa 1: Formaci\u00f3n para personas desempleadas.<br>Programa 2: Formaci\u00f3n para personas con discapacidad. <br>Programa 3: \u201cTransformaci\u00f3n agroalimentaria\u201d.<\/p>\n\n\n\n<p>Para m\u00e1s informaci\u00f3n, visital el siguiente enlace:<\/p>\n\n\n\n<div class=\"wp-block-buttons is-content-justification-center is-layout-flex wp-container-core-buttons-layout-1 wp-block-buttons-is-layout-flex\">\n<div class=\"wp-block-button\"><a class=\"wp-block-button__link has-white-color has-text-color has-link-color wp-element-button\" href=\"https:\/\/sede.carm.es\/eAConsultaWeb\/consulta\/descargarDocumentos.do?id=CARM-e2236df4-8d78-cddf-daf2-0050569b34e7\" target=\"_blank\" rel=\"noreferrer noopener\">Ver convocatoria<\/a><\/div>\n<\/div>\n\n\n\n<p><\/p>\n\n\n\n<p class=\"has-text-align-center\" style=\"font-size:24px\">Echa un vistazo a nuestro cat\u00e1logo completo&nbsp;<a href=\"https:\/\/dgformacion.com\/categoria-curso\/contenido-en-formato-digital\/certificados-de-profesionalidad\/\" target=\"_blank\" rel=\"noreferrer noopener\">pinchando aqu\u00ed<\/a>.<\/p>\n\n\n\n<p class=\"has-text-align-center\">Contacta con nosotros a trav\u00e9s del 914 32 02 02, o info@dgformacion.com.<\/p>\n","protected":false},"excerpt":{"rendered":"<p>La Consejer\u00eda de Empresa, Empleo y Econom\u00eda Social de la Regi\u00f3n de Murcia ha abierto la convocatoria de subvenciones para acciones formativas dirigidas a personas desempleadas en 2025. Estas ayudas buscan mejorar la empleabilidad y atender las demandas espec\u00edficas de los sectores productivos regionales mediante programas de formaci\u00f3n especializados. DESTINATARIOSEntidades de formaci\u00f3n p\u00fablicas o privadas &hellip;<\/p>\n","protected":false},"author":2,"featured_media":1101,"comment_status":"closed","ping_status":"open","sticky":false,"template":"","format":"standard","meta":{"footnotes":"","_jetpack_memberships_contains_paid_content":false},"categories":[4],"tags":[123,104,122,31,64,78,90,7,99,167,19,89,127,126,124,125,118,171,93,66,65,10,74,119,67,170,75],"jetpack_sharing_enabled":true,"jetpack_featured_media_url":"https:\/\/blog.dgformacion.com\/wp-content\/uploads\/2025\/09\/trabajadores-desempleados-murcia-2025.png","_links":{"self":[{"href":"https:\/\/blog.dgformacion.com\/index.php?rest_route=\/wp\/v2\/posts\/1100"}],"collection":[{"href":"https:\/\/blog.dgformacion.com\/index.php?rest_route=\/wp\/v2\/posts"}],"about":[{"href":"https:\/\/blog.dgformacion.com\/index.php?rest_route=\/wp\/v2\/types\/post"}],"author":[{"embeddable":true,"href":"https:\/\/blog.dgformacion.com\/index.php?rest_route=\/wp\/v2\/users\/2"}],"replies":[{"embeddable":true,"href":"https:\/\/blog.dgformacion.com\/index.php?rest_route=%2Fwp%2Fv2%2Fcomments&post=1100"}],"version-history":[{"count":2,"href":"https:\/\/blog.dgformacion.com\/index.php?rest_route=\/wp\/v2\/posts\/1100\/revisions"}],"predecessor-version":[{"id":1103,"href":"https:\/\/blog.dgformacion.com\/index.php?rest_route=\/wp\/v2\/posts\/1100\/revisions\/1103"}],"wp:featuredmedia":[{"embeddable":true,"href":"https:\/\/blog.dgformacion.com\/index.php?rest_route=\/wp\/v2\/media\/1101"}],"wp:attachment":[{"href":"https:\/\/blog.dgformacion.com\/index.php?rest_route=%2Fwp%2Fv2%2Fmedia&parent=1100"}],"wp:term":[{"taxonomy":"category","embeddable":true,"href":"https:\/\/blog.dgformacion.com\/index.php?rest_route=%2Fwp%2Fv2%2Fcategories&post=1100"},{"taxonomy":"post_tag","embeddable":true,"href":"https:\/\/blog.dgformacion.com\/index.php?rest_route=%2Fwp%2Fv2%2Ftags&post=1100"}],"curies":[{"name":"wp","href":"https:\/\/api.w.org\/{rel}","templated":true}]}}