{"id":1108,"date":"2025-09-12T11:25:14","date_gmt":"2025-09-12T10:25:14","guid":{"rendered":"https:\/\/blog.dgformacion.com\/?p=1108"},"modified":"2025-09-12T11:25:15","modified_gmt":"2025-09-12T10:25:15","slug":"plan-wave-plus-ocupados-aragon-2025","status":"publish","type":"post","link":"https:\/\/blog.dgformacion.com\/?p=1108","title":{"rendered":"Plan WAVE PLUS Ocupados &#8211; Arag\u00f3n, 2025."},"content":{"rendered":"\n<p>El Gobierno de Arag\u00f3n ha abierto la convocatoria de subvenciones del <strong>Plan WAVE PLUS Ocupados 2025<\/strong>, destinada a actualizar competencias laborales y mejorar la empleabilidad de personas trabajadoras, principalmente mediante formaci\u00f3n tecnol\u00f3gica. Esta iniciativa busca reforzar tanto las competencias sectoriales como las transversales en los principales sectores productivos de la comunidad.<\/p>\n\n\n\n<p class=\"has-text-align-center\"><strong>DESTINATARIOS<\/strong><br>Entidades de formaci\u00f3n p\u00fablicas o privadas, inscritas y\/o acreditadas en el Registro de Centros Colaboradores de Arag\u00f3n o en el estatal, con centros en Arag\u00f3n.<\/p>\n\n\n\n<p class=\"has-text-align-center\"><strong>PRESUPUESTO DISPONIBLE<br><\/strong>Hasta 150.000 \u20ac por entidad con un \u00fanico centro, 300.000 \u20ac por entidades con varios centros. Ning\u00fan programa puede superar los 175.000 \u20ac.<\/p>\n\n\n\n<p class=\"has-text-align-center\"><strong>PLAZO DE LA SOLICITUD<\/strong><br>10 d\u00edas h\u00e1biles desde el d\u00eda siguiente a la publicaci\u00f3n en el Bolet\u00edn Oficial de Arag\u00f3n.<\/p>\n\n\n\n<p class=\"has-text-align-center\"><strong>MODALIDAD DE IMPARTICI\u00d3N<\/strong><br>Presencial, a distancia o mixta (seg\u00fan la acreditaci\u00f3n de los centros y la tipolog\u00eda de la acci\u00f3n formativa).<\/p>\n\n\n\n<p class=\"has-text-align-center\"><strong>CATEGOR\u00cdA<br><\/strong>Programas sectoriales: competencias espec\u00edficas para determinados sectores productivos.<br>Programas transversales: competencias aplicables a varios sectores.<\/p>\n\n\n\n<p>Para m\u00e1s informaci\u00f3n, visital el siguiente enlace:<\/p>\n\n\n\n<div class=\"wp-block-buttons is-content-justification-center is-layout-flex wp-container-core-buttons-layout-1 wp-block-buttons-is-layout-flex\">\n<div class=\"wp-block-button\"><a class=\"wp-block-button__link has-white-color has-text-color has-link-color wp-element-button\" href=\"https:\/\/www.aragon.es\/tramitador\/-\/tramite\/subvenciones-ejecucion-planes-formacion-dirigidos-prioritariamente-trabajadores-ocupados\" target=\"_blank\" rel=\"noreferrer noopener\">Ver convocatoria<\/a><\/div>\n<\/div>\n\n\n\n<p><\/p>\n\n\n\n<p class=\"has-text-align-center\" style=\"font-size:24px\">Echa un vistazo a nuestro cat\u00e1logo completo&nbsp;<a href=\"https:\/\/dgformacion.com\/categoria-curso\/contenido-en-formato-digital\/certificados-de-profesionalidad\/\" target=\"_blank\" rel=\"noreferrer noopener\">pinchando aqu\u00ed<\/a>.<\/p>\n\n\n\n<p class=\"has-text-align-center\">Contacta con nosotros a trav\u00e9s del 914 32 02 02, o info@dgformacion.com.<\/p>\n","protected":false},"excerpt":{"rendered":"<p>El Gobierno de Arag\u00f3n ha abierto la convocatoria de subvenciones del Plan WAVE PLUS Ocupados 2025, destinada a actualizar competencias laborales y mejorar la empleabilidad de personas trabajadoras, principalmente mediante formaci\u00f3n tecnol\u00f3gica. Esta iniciativa busca reforzar tanto las competencias sectoriales como las transversales en los principales sectores productivos de la comunidad. DESTINATARIOSEntidades de formaci\u00f3n p\u00fablicas &hellip;<\/p>\n","protected":false},"author":2,"featured_media":1110,"comment_status":"closed","ping_status":"open","sticky":false,"template":"","format":"standard","meta":{"footnotes":"","_jetpack_memberships_contains_paid_content":false},"categories":[4],"tags":[123,108,91,104,122,31,64,78,90,7,99,167,168,19,169,89,127,126,124,125,118,93,66,65,74,119,67,170,75],"jetpack_sharing_enabled":true,"jetpack_featured_media_url":"https:\/\/blog.dgformacion.com\/wp-content\/uploads\/2025\/09\/plan-wave-plus-ocupados-aragon-2025.png","_links":{"self":[{"href":"https:\/\/blog.dgformacion.com\/index.php?rest_route=\/wp\/v2\/posts\/1108"}],"collection":[{"href":"https:\/\/blog.dgformacion.com\/index.php?rest_route=\/wp\/v2\/posts"}],"about":[{"href":"https:\/\/blog.dgformacion.com\/index.php?rest_route=\/wp\/v2\/types\/post"}],"author":[{"embeddable":true,"href":"https:\/\/blog.dgformacion.com\/index.php?rest_route=\/wp\/v2\/users\/2"}],"replies":[{"embeddable":true,"href":"https:\/\/blog.dgformacion.com\/index.php?rest_route=%2Fwp%2Fv2%2Fcomments&post=1108"}],"version-history":[{"count":2,"href":"https:\/\/blog.dgformacion.com\/index.php?rest_route=\/wp\/v2\/posts\/1108\/revisions"}],"predecessor-version":[{"id":1111,"href":"https:\/\/blog.dgformacion.com\/index.php?rest_route=\/wp\/v2\/posts\/1108\/revisions\/1111"}],"wp:featuredmedia":[{"embeddable":true,"href":"https:\/\/blog.dgformacion.com\/index.php?rest_route=\/wp\/v2\/media\/1110"}],"wp:attachment":[{"href":"https:\/\/blog.dgformacion.com\/index.php?rest_route=%2Fwp%2Fv2%2Fmedia&parent=1108"}],"wp:term":[{"taxonomy":"category","embeddable":true,"href":"https:\/\/blog.dgformacion.com\/index.php?rest_route=%2Fwp%2Fv2%2Fcategories&post=1108"},{"taxonomy":"post_tag","embeddable":true,"href":"https:\/\/blog.dgformacion.com\/index.php?rest_route=%2Fwp%2Fv2%2Ftags&post=1108"}],"curies":[{"name":"wp","href":"https:\/\/api.w.org\/{rel}","templated":true}]}}