{"id":1116,"date":"2025-09-18T09:56:40","date_gmt":"2025-09-18T08:56:40","guid":{"rendered":"https:\/\/blog.dgformacion.com\/?p=1116"},"modified":"2025-09-19T12:07:40","modified_gmt":"2025-09-19T11:07:40","slug":"personas-trabajadoras-ocupadas-cataluna-2025","status":"publish","type":"post","link":"https:\/\/blog.dgformacion.com\/?p=1116","title":{"rendered":"Personas trabajadoras ocupadas &#8211; Catalu\u00f1a, 2025."},"content":{"rendered":"\n<p>El Consorci per a la Formaci\u00f3 Cont\u00ednua de Catalunya ha abierto la convocatoria 2025 de subvenciones para programas de Formaci\u00f3n Profesional dirigidos principalmente a personas trabajadoras ocupadas, con posibilidad de participaci\u00f3n de personas desempleadas (hasta un 30%). El objetivo es mejorar la empleabilidad y la adaptaci\u00f3n al mercado laboral mediante acciones formativas de distintas modalidades y niveles.<\/p>\n\n\n\n<p class=\"has-text-align-center\"><strong>DESTINATARIOS<\/strong><br>Centros\/entidades de formaci\u00f3n que impartan programas de Formaci\u00f3n Profesional.<\/p>\n\n\n\n<p class=\"has-text-align-center\"><strong>PRESUPUESTO DISPONIBLE<br><\/strong>9.500.00,00 \u20ac (1,5 millones reservados para formaci\u00f3n en catal\u00e1n).<\/p>\n\n\n\n<p class=\"has-text-align-center\"><strong>PLAZO DE LA SOLICITUD<\/strong><br>Hasta el <strong>23 de octubre de 2025 a las 14:00 h<\/strong>.<\/p>\n\n\n\n<p class=\"has-text-align-center\"><strong>MODALIDAD DE IMPARTICI\u00d3N<\/strong><br>Presencial, a distancia o mixta (seg\u00fan la acreditaci\u00f3n de los centros y la tipolog\u00eda de la acci\u00f3n formativa).<\/p>\n\n\n\n<p class=\"has-text-align-center\"><strong>CATEGOR\u00cdA<br><\/strong>Programas de grados C (certificados profesionales), grados B (certificados de competencia), formaci\u00f3n en empresa y competencias b\u00e1sicas.<\/p>\n\n\n\n<p>Para m\u00e1s informaci\u00f3n, visital el siguiente enlace:<\/p>\n\n\n\n<div class=\"wp-block-buttons is-content-justification-center is-layout-flex wp-container-core-buttons-layout-1 wp-block-buttons-is-layout-flex\">\n<div class=\"wp-block-button\"><a class=\"wp-block-button__link has-white-color has-text-color has-link-color wp-element-button\" href=\"https:\/\/dogc.gencat.cat\/es\/document-del-dogc\/index.html?documentId=1019811\" target=\"_blank\" rel=\"noreferrer noopener\">Ver convocatoria<\/a><\/div>\n<\/div>\n\n\n\n<p><\/p>\n\n\n\n<p class=\"has-text-align-center\" style=\"font-size:24px\">Echa un vistazo a nuestro cat\u00e1logo completo&nbsp;<a href=\"https:\/\/dgformacion.com\/categoria-curso\/contenido-en-formato-digital\/certificados-de-profesionalidad\/\" target=\"_blank\" rel=\"noreferrer noopener\">pinchando aqu\u00ed<\/a>.<\/p>\n\n\n\n<p class=\"has-text-align-center\">Contacta con nosotros a trav\u00e9s del 914 32 02 02, o info@dgformacion.com.<\/p>\n","protected":false},"excerpt":{"rendered":"<p>El Consorci per a la Formaci\u00f3 Cont\u00ednua de Catalunya ha abierto la convocatoria 2025 de subvenciones para programas de Formaci\u00f3n Profesional dirigidos principalmente a personas trabajadoras ocupadas, con posibilidad de participaci\u00f3n de personas desempleadas (hasta un 30%). El objetivo es mejorar la empleabilidad y la adaptaci\u00f3n al mercado laboral mediante acciones formativas de distintas modalidades &hellip;<\/p>\n","protected":false},"author":2,"featured_media":1121,"comment_status":"closed","ping_status":"open","sticky":false,"template":"","format":"standard","meta":{"footnotes":"","_jetpack_memberships_contains_paid_content":false},"categories":[4],"tags":[123,146,172,91,104,122,31,64,78,90,7,99,167,168,19,169,89,127,126,124,125,118,93,66,65,74,119,67,170,75],"jetpack_sharing_enabled":true,"jetpack_featured_media_url":"https:\/\/blog.dgformacion.com\/wp-content\/uploads\/2025\/09\/trabajadores-desempleados-cataluna-copia.png","_links":{"self":[{"href":"https:\/\/blog.dgformacion.com\/index.php?rest_route=\/wp\/v2\/posts\/1116"}],"collection":[{"href":"https:\/\/blog.dgformacion.com\/index.php?rest_route=\/wp\/v2\/posts"}],"about":[{"href":"https:\/\/blog.dgformacion.com\/index.php?rest_route=\/wp\/v2\/types\/post"}],"author":[{"embeddable":true,"href":"https:\/\/blog.dgformacion.com\/index.php?rest_route=\/wp\/v2\/users\/2"}],"replies":[{"embeddable":true,"href":"https:\/\/blog.dgformacion.com\/index.php?rest_route=%2Fwp%2Fv2%2Fcomments&post=1116"}],"version-history":[{"count":2,"href":"https:\/\/blog.dgformacion.com\/index.php?rest_route=\/wp\/v2\/posts\/1116\/revisions"}],"predecessor-version":[{"id":1119,"href":"https:\/\/blog.dgformacion.com\/index.php?rest_route=\/wp\/v2\/posts\/1116\/revisions\/1119"}],"wp:featuredmedia":[{"embeddable":true,"href":"https:\/\/blog.dgformacion.com\/index.php?rest_route=\/wp\/v2\/media\/1121"}],"wp:attachment":[{"href":"https:\/\/blog.dgformacion.com\/index.php?rest_route=%2Fwp%2Fv2%2Fmedia&parent=1116"}],"wp:term":[{"taxonomy":"category","embeddable":true,"href":"https:\/\/blog.dgformacion.com\/index.php?rest_route=%2Fwp%2Fv2%2Fcategories&post=1116"},{"taxonomy":"post_tag","embeddable":true,"href":"https:\/\/blog.dgformacion.com\/index.php?rest_route=%2Fwp%2Fv2%2Ftags&post=1116"}],"curies":[{"name":"wp","href":"https:\/\/api.w.org\/{rel}","templated":true}]}}