{"id":1120,"date":"2025-09-19T12:24:30","date_gmt":"2025-09-19T11:24:30","guid":{"rendered":"https:\/\/blog.dgformacion.com\/?p=1120"},"modified":"2025-09-19T12:24:31","modified_gmt":"2025-09-19T11:24:31","slug":"trabajadores-ocupados-p-de-asturias-2025","status":"publish","type":"post","link":"https:\/\/blog.dgformacion.com\/?p=1120","title":{"rendered":"Trabajadores ocupados &#8211; P. de Asturias, 2025."},"content":{"rendered":"\n<p>El Servicio P\u00fablico de Empleo del Principado de Asturias ha publicado la convocatoria 2025-2026 de subvenciones destinadas a financiar programas de formaci\u00f3n para el empleo. El objetivo es ofrecer acciones formativas que conduzcan a la obtenci\u00f3n de certificados de profesionalidad, tanto para personas desempleadas como ocupadas, en modalidad presencial o de teleformaci\u00f3n. La convocatoria se resuelve en r\u00e9gimen de concurrencia competitiva.<\/p>\n\n\n\n<p class=\"has-text-align-center\"><strong>DESTINATARIOS<\/strong><br>Centros de formaci\u00f3n acreditados y entidades de formaci\u00f3n para el empleo.<\/p>\n\n\n\n<p class=\"has-text-align-center\"><strong>PRESUPUESTO DISPONIBLE<br><\/strong>17.619.458,58 \u20ac<br>L\u00ednea 1 (desempleados): 13.141.713,39 \u20ac<br>L\u00ednea 2 (ocupados): 4.477.745,19 \u20ac<\/p>\n\n\n\n<p class=\"has-text-align-center\"><strong>PLAZO DE LA SOLICITUD<\/strong><br>10 d\u00edas h\u00e1biles desde el d\u00eda siguiente a la publicaci\u00f3n en el BOPA.<\/p>\n\n\n\n<p class=\"has-text-align-center\"><strong>MODALIDAD DE IMPARTICI\u00d3N<\/strong><br>Presencial o teleformaci\u00f3n (con l\u00edmite de 8h\/d\u00eda y 40h\/semana).<\/p>\n\n\n\n<p class=\"has-text-align-center\"><strong>CATEGOR\u00cdA<br><\/strong>Programas de formaci\u00f3n para el empleo con certificados de profesionalidad (grados B y C).<\/p>\n\n\n\n<p>Para m\u00e1s informaci\u00f3n, visital el siguiente enlace:<\/p>\n\n\n\n<div class=\"wp-block-buttons is-content-justification-center is-layout-flex wp-container-core-buttons-layout-1 wp-block-buttons-is-layout-flex\">\n<div class=\"wp-block-button\"><a class=\"wp-block-button__link has-white-color has-text-color has-link-color wp-element-button\" href=\"https:\/\/www.infosubvenciones.es\/bdnstrans\/GE\/es\/convocatorias\/857251\" target=\"_blank\" rel=\"noreferrer noopener\">Ver convocatoria<\/a><\/div>\n<\/div>\n\n\n\n<p><\/p>\n\n\n\n<p class=\"has-text-align-center\" style=\"font-size:24px\">Echa un vistazo a nuestro cat\u00e1logo completo&nbsp;<a href=\"https:\/\/dgformacion.com\/categoria-curso\/contenido-en-formato-digital\/certificados-de-profesionalidad\/\" target=\"_blank\" rel=\"noreferrer noopener\">pinchando aqu\u00ed<\/a>.<\/p>\n\n\n\n<p class=\"has-text-align-center\">Contacta con nosotros a trav\u00e9s del 914 32 02 02, o info@dgformacion.com.<\/p>\n","protected":false},"excerpt":{"rendered":"<p>El Servicio P\u00fablico de Empleo del Principado de Asturias ha publicado la convocatoria 2025-2026 de subvenciones destinadas a financiar programas de formaci\u00f3n para el empleo. El objetivo es ofrecer acciones formativas que conduzcan a la obtenci\u00f3n de certificados de profesionalidad, tanto para personas desempleadas como ocupadas, en modalidad presencial o de teleformaci\u00f3n. La convocatoria se &hellip;<\/p>\n","protected":false},"author":2,"featured_media":1122,"comment_status":"closed","ping_status":"open","sticky":false,"template":"","format":"standard","meta":{"footnotes":"","_jetpack_memberships_contains_paid_content":false},"categories":[4],"tags":[123,86,91,104,122,31,64,78,90,7,99,167,168,19,169,89,127,126,124,125,118,93,66,85,65,74,119,67,170,75],"jetpack_sharing_enabled":true,"jetpack_featured_media_url":"https:\/\/blog.dgformacion.com\/wp-content\/uploads\/2025\/09\/principado-de-asturias-trabajadores-ocupados.png","_links":{"self":[{"href":"https:\/\/blog.dgformacion.com\/index.php?rest_route=\/wp\/v2\/posts\/1120"}],"collection":[{"href":"https:\/\/blog.dgformacion.com\/index.php?rest_route=\/wp\/v2\/posts"}],"about":[{"href":"https:\/\/blog.dgformacion.com\/index.php?rest_route=\/wp\/v2\/types\/post"}],"author":[{"embeddable":true,"href":"https:\/\/blog.dgformacion.com\/index.php?rest_route=\/wp\/v2\/users\/2"}],"replies":[{"embeddable":true,"href":"https:\/\/blog.dgformacion.com\/index.php?rest_route=%2Fwp%2Fv2%2Fcomments&post=1120"}],"version-history":[{"count":1,"href":"https:\/\/blog.dgformacion.com\/index.php?rest_route=\/wp\/v2\/posts\/1120\/revisions"}],"predecessor-version":[{"id":1123,"href":"https:\/\/blog.dgformacion.com\/index.php?rest_route=\/wp\/v2\/posts\/1120\/revisions\/1123"}],"wp:featuredmedia":[{"embeddable":true,"href":"https:\/\/blog.dgformacion.com\/index.php?rest_route=\/wp\/v2\/media\/1122"}],"wp:attachment":[{"href":"https:\/\/blog.dgformacion.com\/index.php?rest_route=%2Fwp%2Fv2%2Fmedia&parent=1120"}],"wp:term":[{"taxonomy":"category","embeddable":true,"href":"https:\/\/blog.dgformacion.com\/index.php?rest_route=%2Fwp%2Fv2%2Fcategories&post=1120"},{"taxonomy":"post_tag","embeddable":true,"href":"https:\/\/blog.dgformacion.com\/index.php?rest_route=%2Fwp%2Fv2%2Ftags&post=1120"}],"curies":[{"name":"wp","href":"https:\/\/api.w.org\/{rel}","templated":true}]}}