{"id":1142,"date":"2025-09-29T10:30:34","date_gmt":"2025-09-29T09:30:34","guid":{"rendered":"https:\/\/blog.dgformacion.com\/?p=1142"},"modified":"2025-09-29T13:03:51","modified_gmt":"2025-09-29T12:03:51","slug":"especialidades-formativas-no-conducentes-a-c-p-cantabria-2025","status":"publish","type":"post","link":"https:\/\/blog.dgformacion.com\/?p=1142","title":{"rendered":"Especialidades Formativas NO CONDUCENTES a C.P., Cantabria- 2025."},"content":{"rendered":"\n<p>Esta nueva convocatoria de la Consejer\u00eda de Industria, Empleo, Innovaci\u00f3n y Comercio de Cantabria ofrece subvenciones para financiar programas de formaci\u00f3n dirigidos a personas trabajadoras ocupadas, dentro de la oferta formativa del Servicio C\u00e1ntabro de Empleo.<\/p>\n\n\n\n<p class=\"has-text-align-center\"><strong>DESTINATARIOS<\/strong><br>Entidades de formaci\u00f3n inscritas o con declaraci\u00f3n responsable, con instalaciones en Cantabria.<\/p>\n\n\n\n<p class=\"has-text-align-center\"><strong>PRESUPUESTO TOTAL DISPONIBLE<br><\/strong>3.055.000,00 \u20ac<\/p>\n\n\n\n<p class=\"has-text-align-center\"><strong>PLAZO DE LA SOLICITUD<\/strong><br>10 d\u00edas h\u00e1biles desde la publicaci\u00f3n en el BOC (hasta el 13 de octubre de 2025).<\/p>\n\n\n\n<p class=\"has-text-align-center\"><strong>MODALIDAD DE IMPARTICI\u00d3N<\/strong><br>Presencial o mixta; teleformaci\u00f3n condicionada a convenios con instalaciones presenciales.<\/p>\n\n\n\n<p class=\"has-text-align-center\"><strong>CATEGOR\u00cdA<br><\/strong>Programas de formaci\u00f3n para personas trabajadoras ocupadas (formaci\u00f3n profesional para el empleo) NO vinculadas a certificados de profesionalidad (CP).<\/p>\n\n\n\n<p>Para m\u00e1s informaci\u00f3n, visital el siguiente enlace:<\/p>\n\n\n\n<div class=\"wp-block-buttons is-content-justification-center is-layout-flex wp-container-core-buttons-layout-1 wp-block-buttons-is-layout-flex\">\n<div class=\"wp-block-button\"><a class=\"wp-block-button__link has-white-color has-text-color has-link-color wp-element-button\" href=\"https:\/\/www.infosubvenciones.es\/bdnstrans\/GE\/es\/convocatorias\/856739\" target=\"_blank\" rel=\"noreferrer noopener\">Ver convocatoria<\/a><\/div>\n<\/div>\n\n\n\n<p><\/p>\n\n\n\n<p class=\"has-text-align-center\" style=\"font-size:24px\">Echa un vistazo a nuestro cat\u00e1logo completo&nbsp;<a href=\"https:\/\/dgformacion.com\/categoria-curso\/contenido-en-formato-digital\/certificados-de-profesionalidad\/\" target=\"_blank\" rel=\"noreferrer noopener\">pinchando aqu\u00ed<\/a>.<\/p>\n\n\n\n<p class=\"has-text-align-center\">Contacta con nosotros a trav\u00e9s del 914 32 02 02, o info@dgformacion.com.<\/p>\n","protected":false},"excerpt":{"rendered":"<p>Esta nueva convocatoria de la Consejer\u00eda de Industria, Empleo, Innovaci\u00f3n y Comercio de Cantabria ofrece subvenciones para financiar programas de formaci\u00f3n dirigidos a personas trabajadoras ocupadas, dentro de la oferta formativa del Servicio C\u00e1ntabro de Empleo. DESTINATARIOSEntidades de formaci\u00f3n inscritas o con declaraci\u00f3n responsable, con instalaciones en Cantabria. PRESUPUESTO TOTAL DISPONIBLE3.055.000,00 \u20ac PLAZO DE LA &hellip;<\/p>\n","protected":false},"author":2,"featured_media":1144,"comment_status":"closed","ping_status":"open","sticky":false,"template":"","format":"standard","meta":{"footnotes":"","_jetpack_memberships_contains_paid_content":false},"categories":[4],"tags":[123,102,91,122,31,64,78,90,167,19,89,127,126,124,125,118,142,93,66,65,74,119,67,75],"jetpack_sharing_enabled":true,"jetpack_featured_media_url":"https:\/\/blog.dgformacion.com\/wp-content\/uploads\/2025\/09\/especialidades-formativas-no-conducentes.png","_links":{"self":[{"href":"https:\/\/blog.dgformacion.com\/index.php?rest_route=\/wp\/v2\/posts\/1142"}],"collection":[{"href":"https:\/\/blog.dgformacion.com\/index.php?rest_route=\/wp\/v2\/posts"}],"about":[{"href":"https:\/\/blog.dgformacion.com\/index.php?rest_route=\/wp\/v2\/types\/post"}],"author":[{"embeddable":true,"href":"https:\/\/blog.dgformacion.com\/index.php?rest_route=\/wp\/v2\/users\/2"}],"replies":[{"embeddable":true,"href":"https:\/\/blog.dgformacion.com\/index.php?rest_route=%2Fwp%2Fv2%2Fcomments&post=1142"}],"version-history":[{"count":1,"href":"https:\/\/blog.dgformacion.com\/index.php?rest_route=\/wp\/v2\/posts\/1142\/revisions"}],"predecessor-version":[{"id":1143,"href":"https:\/\/blog.dgformacion.com\/index.php?rest_route=\/wp\/v2\/posts\/1142\/revisions\/1143"}],"wp:featuredmedia":[{"embeddable":true,"href":"https:\/\/blog.dgformacion.com\/index.php?rest_route=\/wp\/v2\/media\/1144"}],"wp:attachment":[{"href":"https:\/\/blog.dgformacion.com\/index.php?rest_route=%2Fwp%2Fv2%2Fmedia&parent=1142"}],"wp:term":[{"taxonomy":"category","embeddable":true,"href":"https:\/\/blog.dgformacion.com\/index.php?rest_route=%2Fwp%2Fv2%2Fcategories&post=1142"},{"taxonomy":"post_tag","embeddable":true,"href":"https:\/\/blog.dgformacion.com\/index.php?rest_route=%2Fwp%2Fv2%2Ftags&post=1142"}],"curies":[{"name":"wp","href":"https:\/\/api.w.org\/{rel}","templated":true}]}}