{"id":1145,"date":"2025-09-30T12:35:24","date_gmt":"2025-09-30T11:35:24","guid":{"rendered":"https:\/\/blog.dgformacion.com\/?p=1145"},"modified":"2025-09-30T12:35:25","modified_gmt":"2025-09-30T11:35:25","slug":"personas-desempleadas-con-compromiso-de-contratacion-extremadura-2025","status":"publish","type":"post","link":"https:\/\/blog.dgformacion.com\/?p=1145","title":{"rendered":"Personas desempleadas con compromiso de contrataci\u00f3n, Extremadura &#8211; 2025."},"content":{"rendered":"\n<p>El SEXPE ha publicado la convocatoria 2025 de subvenciones para financiar acciones formativas con compromiso de contrataci\u00f3n en Extremadura. Estas ayudas buscan mejorar la empleabilidad de personas desempleadas a trav\u00e9s de formaci\u00f3n vinculada a sectores profesionales y con posterior inserci\u00f3n laboral.<\/p>\n\n\n\n<p class=\"has-text-align-center\"><strong>DESTINATARIOS<\/strong><br>Empresas que se comprometan a contratar al alumnado formado y entidades de formaci\u00f3n acreditadas\/inscritas en el Registro de Centros de Extremadura.<\/p>\n\n\n\n<p class=\"has-text-align-center\"><strong>PRESUPUESTO TOTAL DISPONIBLE<br><\/strong>1.000.000 \u20ac (500.000 \u20ac en 2025 y 500.000 \u20ac en 2026).<\/p>\n\n\n\n<p class=\"has-text-align-center\"><strong>PLAZO DE LA SOLICITUD<\/strong><br>Un a\u00f1o desde el d\u00eda siguiente a la publicaci\u00f3n en el DOE (10 de septiembre de 2025).<\/p>\n\n\n\n<p class=\"has-text-align-center\"><strong>MODALIDAD DE IMPARTICI\u00d3N<\/strong><br>Presencial, en centros acreditados\/inscritos en Extremadura.<\/p>\n\n\n\n<p class=\"has-text-align-center\"><strong>CATEGOR\u00cdA<br><\/strong>Todas las familias profesionales recogidas en el Anexo I (administraci\u00f3n, inform\u00e1tica, hosteler\u00eda, industria, sanidad, etc.).<\/p>\n\n\n\n<p>Para m\u00e1s informaci\u00f3n, visital el siguiente enlace:<\/p>\n\n\n\n<div class=\"wp-block-buttons is-content-justification-center is-layout-flex wp-container-core-buttons-layout-1 wp-block-buttons-is-layout-flex\">\n<div class=\"wp-block-button\"><a class=\"wp-block-button__link has-white-color has-text-color has-link-color wp-element-button\" href=\"https:\/\/doe.juntaex.es\/ultimosdoe\/mostrardoe.php?fecha=20250918&amp;t=o\" target=\"_blank\" rel=\"noreferrer noopener\">Ver convocatoria<\/a><\/div>\n<\/div>\n\n\n\n<p><\/p>\n\n\n\n<p class=\"has-text-align-center\" style=\"font-size:24px\">Echa un vistazo a nuestro cat\u00e1logo completo&nbsp;<a href=\"https:\/\/dgformacion.com\/categoria-curso\/contenido-en-formato-digital\/certificados-de-profesionalidad\/\" target=\"_blank\" rel=\"noreferrer noopener\">pinchando aqu\u00ed<\/a>.<\/p>\n\n\n\n<p class=\"has-text-align-center\">Contacta con nosotros a trav\u00e9s del 914 32 02 02, o info@dgformacion.com.<\/p>\n","protected":false},"excerpt":{"rendered":"<p>El SEXPE ha publicado la convocatoria 2025 de subvenciones para financiar acciones formativas con compromiso de contrataci\u00f3n en Extremadura. Estas ayudas buscan mejorar la empleabilidad de personas desempleadas a trav\u00e9s de formaci\u00f3n vinculada a sectores profesionales y con posterior inserci\u00f3n laboral. DESTINATARIOSEmpresas que se comprometan a contratar al alumnado formado y entidades de formaci\u00f3n acreditadas\/inscritas &hellip;<\/p>\n","protected":false},"author":2,"featured_media":1148,"comment_status":"closed","ping_status":"open","sticky":false,"template":"","format":"standard","meta":{"footnotes":"","_jetpack_memberships_contains_paid_content":false},"categories":[4],"tags":[123,91,180,179,122,31,64,78,90,178,167,19,89,127,126,124,125,118,142,93,66,65,74,119,67,75],"jetpack_sharing_enabled":true,"jetpack_featured_media_url":"https:\/\/blog.dgformacion.com\/wp-content\/uploads\/2025\/09\/desempleados-compromiso-contratacion-extremadura-2025-1.png","_links":{"self":[{"href":"https:\/\/blog.dgformacion.com\/index.php?rest_route=\/wp\/v2\/posts\/1145"}],"collection":[{"href":"https:\/\/blog.dgformacion.com\/index.php?rest_route=\/wp\/v2\/posts"}],"about":[{"href":"https:\/\/blog.dgformacion.com\/index.php?rest_route=\/wp\/v2\/types\/post"}],"author":[{"embeddable":true,"href":"https:\/\/blog.dgformacion.com\/index.php?rest_route=\/wp\/v2\/users\/2"}],"replies":[{"embeddable":true,"href":"https:\/\/blog.dgformacion.com\/index.php?rest_route=%2Fwp%2Fv2%2Fcomments&post=1145"}],"version-history":[{"count":1,"href":"https:\/\/blog.dgformacion.com\/index.php?rest_route=\/wp\/v2\/posts\/1145\/revisions"}],"predecessor-version":[{"id":1149,"href":"https:\/\/blog.dgformacion.com\/index.php?rest_route=\/wp\/v2\/posts\/1145\/revisions\/1149"}],"wp:featuredmedia":[{"embeddable":true,"href":"https:\/\/blog.dgformacion.com\/index.php?rest_route=\/wp\/v2\/media\/1148"}],"wp:attachment":[{"href":"https:\/\/blog.dgformacion.com\/index.php?rest_route=%2Fwp%2Fv2%2Fmedia&parent=1145"}],"wp:term":[{"taxonomy":"category","embeddable":true,"href":"https:\/\/blog.dgformacion.com\/index.php?rest_route=%2Fwp%2Fv2%2Fcategories&post=1145"},{"taxonomy":"post_tag","embeddable":true,"href":"https:\/\/blog.dgformacion.com\/index.php?rest_route=%2Fwp%2Fv2%2Ftags&post=1145"}],"curies":[{"name":"wp","href":"https:\/\/api.w.org\/{rel}","templated":true}]}}