{"id":1156,"date":"2025-10-07T10:03:58","date_gmt":"2025-10-07T09:03:58","guid":{"rendered":"https:\/\/blog.dgformacion.com\/?p=1156"},"modified":"2025-12-09T12:36:16","modified_gmt":"2025-12-09T11:36:16","slug":"teleformacion-para-trabajadores-autonomos-andalucia-2025","status":"publish","type":"post","link":"https:\/\/blog.dgformacion.com\/?p=1156","title":{"rendered":"Teleformaci\u00f3n para trabajadores aut\u00f3nomos &#8211; Andaluc\u00eda, 2025."},"content":{"rendered":"\n<p>La Junta de Andaluc\u00eda ha convocado una l\u00ednea de subvenciones para apoyar la formaci\u00f3n en modalidad de teleformaci\u00f3n dirigida a personas trabajadoras aut\u00f3nomas, con el fin de impulsar su capacitaci\u00f3n y competitividad. Esta convocatoria permite financiar especialidades formativas no vinculadas a certificados profesionales incluidas en el cat\u00e1logo oficial.<\/p>\n\n\n\n<p class=\"has-text-align-center\"><strong>DESTINATARIOS<\/strong><br>Entidades de formaci\u00f3n privadas (incluidas sin \u00e1nimo de lucro) que cuenten con plataforma de aprendizaje registrada. No pueden participar entidades p\u00fablicas.<\/p>\n\n\n\n<p class=\"has-text-align-center\"><strong>PRESUPUESTO TOTAL DISPONIBLE<br><\/strong>1.000.000\u202f\u20ac para los a\u00f1os 2025\u20112026 (630.000\u202f\u20ac para 2025 y 270.000\u202f\u20ac para 2026).<\/p>\n\n\n\n<p class=\"has-text-align-center\"><strong>PLAZO DE LA SOLICITUD<\/strong><br>Del 1 de octubre de 2025 al 14 de octubre de 2025, ambos inclusive.<\/p>\n\n\n\n<p class=\"has-text-align-center\"><strong>MODALIDAD DE IMPARTICI\u00d3N<\/strong><br>Teleformaci\u00f3n.<\/p>\n\n\n\n<p class=\"has-text-align-center\"><strong>CATEGOR\u00cdA<br><\/strong>Formaci\u00f3n profesional para el empleo (FP para el Empleo), oferta de formaci\u00f3n dirigida a personas trabajadoras aut\u00f3nomas (no vinculada a certificados profesionales).<\/p>\n\n\n\n<p>Para m\u00e1s informaci\u00f3n, visital el siguiente enlace:<\/p>\n\n\n\n<div class=\"wp-block-buttons is-content-justification-center is-layout-flex wp-container-core-buttons-layout-1 wp-block-buttons-is-layout-flex\">\n<div class=\"wp-block-button\"><a class=\"wp-block-button__link has-white-color has-text-color has-link-color wp-element-button\" href=\"https:\/\/www.juntadeandalucia.es\/organismos\/empleoempresaytrabajoautonomo\/areas\/formacion-empleo\/empresa-entidad-fpe\/paginas\/subvenciones-autonomos-teletrabajo.html#toc-solicitudes\" target=\"_blank\" rel=\"noreferrer noopener\">Ver convocatoria<\/a><\/div>\n<\/div>\n\n\n\n<p><\/p>\n\n\n\n<p class=\"has-text-align-center\" style=\"font-size:24px\">Echa un vistazo a nuestro cat\u00e1logo completo&nbsp;<a href=\"https:\/\/dgformacion.com\/categoria-curso\/contenido-en-formato-digital\/certificados-de-profesionalidad\/\" target=\"_blank\" rel=\"noreferrer noopener\">pinchando aqu\u00ed<\/a>.<\/p>\n\n\n\n<p class=\"has-text-align-center\">Contacta con nosotros a trav\u00e9s del 914 32 02 02, o info@dgformacion.com.<\/p>\n","protected":false},"excerpt":{"rendered":"<p>La Junta de Andaluc\u00eda ha convocado una l\u00ednea de subvenciones para apoyar la formaci\u00f3n en modalidad de teleformaci\u00f3n dirigida a personas trabajadoras aut\u00f3nomas, con el fin de impulsar su capacitaci\u00f3n y competitividad. Esta convocatoria permite financiar especialidades formativas no vinculadas a certificados profesionales incluidas en el cat\u00e1logo oficial. DESTINATARIOSEntidades de formaci\u00f3n privadas (incluidas sin \u00e1nimo &hellip;<\/p>\n","protected":false},"author":2,"featured_media":1320,"comment_status":"closed","ping_status":"open","sticky":false,"template":"","format":"standard","meta":{"footnotes":"","_jetpack_memberships_contains_paid_content":false},"categories":[4],"tags":[123,11,181,91,104,122,31,64,78,90,7,99,167,168,19,169,89,127,126,124,125,118,93,66,65,74,119,67,170,75],"jetpack_sharing_enabled":true,"jetpack_featured_media_url":"https:\/\/blog.dgformacion.com\/wp-content\/uploads\/2025\/10\/andalucia-teleformacion-autonomos.png","_links":{"self":[{"href":"https:\/\/blog.dgformacion.com\/index.php?rest_route=\/wp\/v2\/posts\/1156"}],"collection":[{"href":"https:\/\/blog.dgformacion.com\/index.php?rest_route=\/wp\/v2\/posts"}],"about":[{"href":"https:\/\/blog.dgformacion.com\/index.php?rest_route=\/wp\/v2\/types\/post"}],"author":[{"embeddable":true,"href":"https:\/\/blog.dgformacion.com\/index.php?rest_route=\/wp\/v2\/users\/2"}],"replies":[{"embeddable":true,"href":"https:\/\/blog.dgformacion.com\/index.php?rest_route=%2Fwp%2Fv2%2Fcomments&post=1156"}],"version-history":[{"count":1,"href":"https:\/\/blog.dgformacion.com\/index.php?rest_route=\/wp\/v2\/posts\/1156\/revisions"}],"predecessor-version":[{"id":1158,"href":"https:\/\/blog.dgformacion.com\/index.php?rest_route=\/wp\/v2\/posts\/1156\/revisions\/1158"}],"wp:featuredmedia":[{"embeddable":true,"href":"https:\/\/blog.dgformacion.com\/index.php?rest_route=\/wp\/v2\/media\/1320"}],"wp:attachment":[{"href":"https:\/\/blog.dgformacion.com\/index.php?rest_route=%2Fwp%2Fv2%2Fmedia&parent=1156"}],"wp:term":[{"taxonomy":"category","embeddable":true,"href":"https:\/\/blog.dgformacion.com\/index.php?rest_route=%2Fwp%2Fv2%2Fcategories&post=1156"},{"taxonomy":"post_tag","embeddable":true,"href":"https:\/\/blog.dgformacion.com\/index.php?rest_route=%2Fwp%2Fv2%2Ftags&post=1156"}],"curies":[{"name":"wp","href":"https:\/\/api.w.org\/{rel}","templated":true}]}}