{"id":1159,"date":"2025-10-09T10:00:09","date_gmt":"2025-10-09T09:00:09","guid":{"rendered":"https:\/\/blog.dgformacion.com\/?p=1159"},"modified":"2025-12-09T12:36:15","modified_gmt":"2025-12-09T11:36:15","slug":"trabajadores-desempleados-cantabria-2025","status":"publish","type":"post","link":"https:\/\/blog.dgformacion.com\/?p=1159","title":{"rendered":"Trabajadores desempleados &#8211; Cantabria, 2025."},"content":{"rendered":"\n<p>El Gobierno de Cantabria ha convocado subvenciones por casi 16 millones de euros para impulsar acciones formativas orientadas al empleo en la regi\u00f3n. Esta convocatoria est\u00e1 dirigida a entidades que deseen ofrecer formaci\u00f3n que aumente la empleabilidad y competencias laborales. A continuaci\u00f3n te resumo los detalles m\u00e1s relevantes para presentar solicitudes.<\/p>\n\n\n\n<p class=\"has-text-align-center\"><strong>DESTINATARIOS<\/strong><br>Entidades y centros que realicen acciones formativas para el empleo en Cantabria (organizaciones, entidades de formaci\u00f3n) \u2014 en general, los centros que desarrollan formaci\u00f3n orientada a la inserci\u00f3n laboral.<\/p>\n\n\n\n<p class=\"has-text-align-center\"><strong>PRESUPUESTO TOTAL DISPONIBLE<br><\/strong>15.850.000 \u20ac<\/p>\n\n\n\n<p class=\"has-text-align-center\"><strong>PLAZO DE LA SOLICITUD<\/strong><br>Hasta el 20 de octubre de 2025.<\/p>\n\n\n\n<p class=\"has-text-align-center\"><strong>MODALIDAD DE IMPARTICI\u00d3N<\/strong><br>Presencial, tradicional, aula virtual y teleformaci\u00f3n, impartidas en centros de la regi\u00f3n, destinadas a la obtenci\u00f3n de certificados profesionales, el acceso a competencias para el acceso a los mismos y a conocimientos de idioma para poderse presentar a las pruebas de acreditaci\u00f3n oficial del nivel del Marco Com\u00fan Europeo de Referencia para las Lenguas (MCERL).<\/p>\n\n\n\n<p class=\"has-text-align-center\"><strong>CATEGOR\u00cdA<br><\/strong>Subvenciones en materia de formaci\u00f3n para el empleo (acci\u00f3n formativa y ayudas a entidades formadoras), dentro del \u00e1mbito de pol\u00edticas de empleo y formaci\u00f3n profesional.<\/p>\n\n\n\n<p>Para m\u00e1s informaci\u00f3n, visital el siguiente enlace:<\/p>\n\n\n\n<div class=\"wp-block-buttons is-content-justification-center is-layout-flex wp-container-core-buttons-layout-1 wp-block-buttons-is-layout-flex\">\n<div class=\"wp-block-button\"><a class=\"wp-block-button__link has-white-color has-text-color has-link-color wp-element-button\" href=\"https:\/\/www.infosubvenciones.es\/bdnstrans\/GE\/es\/convocatorias\/858942\" target=\"_blank\" rel=\"noreferrer noopener\">Ver convocatoria<\/a><\/div>\n<\/div>\n\n\n\n<p><\/p>\n\n\n\n<p class=\"has-text-align-center\" style=\"font-size:24px\">Echa un vistazo a nuestro cat\u00e1logo completo&nbsp;<a href=\"https:\/\/dgformacion.com\/categoria-curso\/contenido-en-formato-digital\/certificados-de-profesionalidad\/\" target=\"_blank\" rel=\"noreferrer noopener\">pinchando aqu\u00ed<\/a>.<\/p>\n\n\n\n<p class=\"has-text-align-center\">Contacta con nosotros a trav\u00e9s del 914 32 02 02, o info@dgformacion.com.<\/p>\n","protected":false},"excerpt":{"rendered":"<p>El Gobierno de Cantabria ha convocado subvenciones por casi 16 millones de euros para impulsar acciones formativas orientadas al empleo en la regi\u00f3n. Esta convocatoria est\u00e1 dirigida a entidades que deseen ofrecer formaci\u00f3n que aumente la empleabilidad y competencias laborales. A continuaci\u00f3n te resumo los detalles m\u00e1s relevantes para presentar solicitudes. DESTINATARIOSEntidades y centros que &hellip;<\/p>\n","protected":false},"author":2,"featured_media":1319,"comment_status":"closed","ping_status":"open","sticky":false,"template":"","format":"standard","meta":{"footnotes":"","_jetpack_memberships_contains_paid_content":false},"categories":[4],"tags":[123,181,102,91,104,122,31,64,78,90,7,99,167,19,169,89,127,126,124,125,118,93,66,65,74,119,67,170,75],"jetpack_sharing_enabled":true,"jetpack_featured_media_url":"https:\/\/blog.dgformacion.com\/wp-content\/uploads\/2025\/10\/cantabria-desempleados.png","_links":{"self":[{"href":"https:\/\/blog.dgformacion.com\/index.php?rest_route=\/wp\/v2\/posts\/1159"}],"collection":[{"href":"https:\/\/blog.dgformacion.com\/index.php?rest_route=\/wp\/v2\/posts"}],"about":[{"href":"https:\/\/blog.dgformacion.com\/index.php?rest_route=\/wp\/v2\/types\/post"}],"author":[{"embeddable":true,"href":"https:\/\/blog.dgformacion.com\/index.php?rest_route=\/wp\/v2\/users\/2"}],"replies":[{"embeddable":true,"href":"https:\/\/blog.dgformacion.com\/index.php?rest_route=%2Fwp%2Fv2%2Fcomments&post=1159"}],"version-history":[{"count":2,"href":"https:\/\/blog.dgformacion.com\/index.php?rest_route=\/wp\/v2\/posts\/1159\/revisions"}],"predecessor-version":[{"id":1162,"href":"https:\/\/blog.dgformacion.com\/index.php?rest_route=\/wp\/v2\/posts\/1159\/revisions\/1162"}],"wp:featuredmedia":[{"embeddable":true,"href":"https:\/\/blog.dgformacion.com\/index.php?rest_route=\/wp\/v2\/media\/1319"}],"wp:attachment":[{"href":"https:\/\/blog.dgformacion.com\/index.php?rest_route=%2Fwp%2Fv2%2Fmedia&parent=1159"}],"wp:term":[{"taxonomy":"category","embeddable":true,"href":"https:\/\/blog.dgformacion.com\/index.php?rest_route=%2Fwp%2Fv2%2Fcategories&post=1159"},{"taxonomy":"post_tag","embeddable":true,"href":"https:\/\/blog.dgformacion.com\/index.php?rest_route=%2Fwp%2Fv2%2Ftags&post=1159"}],"curies":[{"name":"wp","href":"https:\/\/api.w.org\/{rel}","templated":true}]}}