{"id":1166,"date":"2025-10-15T11:00:18","date_gmt":"2025-10-15T10:00:18","guid":{"rendered":"https:\/\/blog.dgformacion.com\/?p=1166"},"modified":"2025-12-09T12:36:12","modified_gmt":"2025-12-09T11:36:12","slug":"trabajadores-ocupados-y-desempleados-p-de-asturias-2025","status":"publish","type":"post","link":"https:\/\/blog.dgformacion.com\/?p=1166","title":{"rendered":"Trabajadores Ocupados &#8211; P. de Asturias, 2025."},"content":{"rendered":"\n<p>El Servicio P\u00fablico de Empleo del Principado de Asturias ha abierto una nueva convocatoria de subvenciones para impulsar programas de formaci\u00f3n \u2014presenciales o en teleformaci\u00f3n\u2014 dirigidos tanto a personas desempleadas como ocupadas. Si eres un centro de formaci\u00f3n, esta es tu oportunidad para acceder a financiaci\u00f3n y desarrollar programas que mejoren las competencias profesionales en la regi\u00f3n.<\/p>\n\n\n\n<p class=\"has-text-align-center\">\n  <u>L\u00cdNEA 1 &#8211; TRABAJADORES DESEMPLEADOS<\/u><br>\n  <strong>DESTINATARIOS<\/strong><br>\n  Entidades de formaci\u00f3n, tanto p\u00fablicas como privadas, que est\u00e9n registradas en el Registro de Entidades de Formaci\u00f3n y cuenten con instalaciones en Asturias. \n  Deber\u00e1n disponer de especialidades formativas en modalidad presencial o de teleformaci\u00f3n.\n<\/p>\n\n\n\n<p class=\"has-text-align-center\"><strong>PRESUPUESTO DISPONIBLE<br><\/strong>7.540.618,33 \u20ac<br>Distribuidos en 4.524.371,00 \u20ac (2025) y 3.016.247,33 \u20ac (2026).<\/p>\n\n\n\n<p class=\"has-text-align-center\"><strong>PLAZO DE LA SOLICITUD<\/strong><br>10 d\u00edas h\u00e1biles a partir de la publicaci\u00f3n del extracto de la convocatoria en el bolet\u00edn oficial.<br>(Publicado el 8\/10\/25)<\/p>\n\n\n\n<p class=\"has-text-align-center\"><strong>MODALIDAD DE IMPARTICI\u00d3N<\/strong><br>Las acciones formativas podr\u00e1n desarrollarse en formato presencial o de teleformaci\u00f3n. En el caso de la formaci\u00f3n presencial, se permite el uso de aula virtual como recurso complementario, siempre que no supere el 50 % de la duraci\u00f3n total del curso.<\/p>\n\n\n\n<p class=\"has-text-align-center\"><strong>CATEGOR\u00cdA<br><\/strong>Especialidades formativas NO CONDUCENTES a C.P.<\/p>\n\n\n\n<p class=\"has-text-color has-link-color wp-elements-cb31e6fedc6bc9f865c243eb72fab380\" style=\"color:#ffffff00\"><strong>.<\/strong><\/p>\n\n\n\n<p class=\"has-text-align-center\"><u>L\u00cdNEA 2 &#8211; TRABAJADORES OCUPADOS<\/u><br><strong>DESTINATARIOS<\/strong><br>Entidades de formaci\u00f3n, tanto p\u00fablicas como privadas, que est\u00e9n registradas en el Registro de Entidades de Formaci\u00f3n y cuenten con instalaciones en Asturias. Deber\u00e1n disponer de especialidades formativas en modalidad presencial o de teleformaci\u00f3n.<\/p>\n\n\n\n<p class=\"has-text-align-center\"><strong>PRESUPUESTO DISPONIBLE<br><\/strong>3.339.953,33 \u20ac<br>Distribuidos en 2.003.972,00 \u20ac (2025) y 1.335.981,33 \u20ac (2026).<\/p>\n\n\n\n<p class=\"has-text-align-center\"><strong>PLAZO DE LA SOLICITUD<\/strong><br>10 d\u00edas h\u00e1biles a partir de la publicaci\u00f3n del extracto de la convocatoria en el bolet\u00edn oficial.<br>(Publicado el 8\/10\/25)<\/p>\n\n\n\n<p class=\"has-text-align-center\"><strong>MODALIDAD DE IMPARTICI\u00d3N<\/strong><br>Las acciones formativas podr\u00e1n desarrollarse en formato presencial o de teleformaci\u00f3n. En el caso de la formaci\u00f3n presencial, se permite el uso de aula virtual como recurso complementario, siempre que no supere el 50 % de la duraci\u00f3n total del curso.<\/p>\n\n\n\n<p class=\"has-text-align-center\"><strong>CATEGOR\u00cdA<br><\/strong>Especialidades formativas NO CONDUCENTES a C.P.<\/p>\n\n\n\n<p>Para m\u00e1s informaci\u00f3n, visital el siguiente enlace:<\/p>\n\n\n\n<div class=\"wp-block-buttons is-content-justification-center is-layout-flex wp-container-core-buttons-layout-1 wp-block-buttons-is-layout-flex\">\n<div class=\"wp-block-button\"><a class=\"wp-block-button__link has-white-color has-text-color has-link-color wp-element-button\" href=\"https:\/\/www.infosubvenciones.es\/bdnstrans\/GE\/es\/convocatorias\/859880\" target=\"_blank\" rel=\"noreferrer noopener\">Ver convocatoria<\/a><\/div>\n<\/div>\n\n\n\n<p><\/p>\n\n\n\n<p class=\"has-text-align-center\" style=\"font-size:24px\">Echa un vistazo a nuestro cat\u00e1logo completo&nbsp;<a href=\"https:\/\/dgformacion.com\/categoria-curso\/contenido-en-formato-digital\/certificados-de-profesionalidad\/\" target=\"_blank\" rel=\"noreferrer noopener\">pinchando aqu\u00ed<\/a>.<\/p>\n\n\n\n<p class=\"has-text-align-center\">Contacta con nosotros a trav\u00e9s del 914 32 02 02, o info@dgformacion.com.<\/p>\n","protected":false},"excerpt":{"rendered":"<p>El Servicio P\u00fablico de Empleo del Principado de Asturias ha abierto una nueva convocatoria de subvenciones para impulsar programas de formaci\u00f3n \u2014presenciales o en teleformaci\u00f3n\u2014 dirigidos tanto a personas desempleadas como ocupadas. Si eres un centro de formaci\u00f3n, esta es tu oportunidad para acceder a financiaci\u00f3n y desarrollar programas que mejoren las competencias profesionales en &hellip;<\/p>\n","protected":false},"author":2,"featured_media":1318,"comment_status":"closed","ping_status":"open","sticky":false,"template":"","format":"standard","meta":{"footnotes":"","_jetpack_memberships_contains_paid_content":false},"categories":[4],"tags":[123,86,91,104,122,31,64,78,90,7,99,167,168,19,169,89,127,126,124,125,118,93,66,85,65,74,119,67,170,75],"jetpack_sharing_enabled":true,"jetpack_featured_media_url":"https:\/\/blog.dgformacion.com\/wp-content\/uploads\/2025\/10\/asturias-trabajadores-ocupados.png","_links":{"self":[{"href":"https:\/\/blog.dgformacion.com\/index.php?rest_route=\/wp\/v2\/posts\/1166"}],"collection":[{"href":"https:\/\/blog.dgformacion.com\/index.php?rest_route=\/wp\/v2\/posts"}],"about":[{"href":"https:\/\/blog.dgformacion.com\/index.php?rest_route=\/wp\/v2\/types\/post"}],"author":[{"embeddable":true,"href":"https:\/\/blog.dgformacion.com\/index.php?rest_route=\/wp\/v2\/users\/2"}],"replies":[{"embeddable":true,"href":"https:\/\/blog.dgformacion.com\/index.php?rest_route=%2Fwp%2Fv2%2Fcomments&post=1166"}],"version-history":[{"count":7,"href":"https:\/\/blog.dgformacion.com\/index.php?rest_route=\/wp\/v2\/posts\/1166\/revisions"}],"predecessor-version":[{"id":1326,"href":"https:\/\/blog.dgformacion.com\/index.php?rest_route=\/wp\/v2\/posts\/1166\/revisions\/1326"}],"wp:featuredmedia":[{"embeddable":true,"href":"https:\/\/blog.dgformacion.com\/index.php?rest_route=\/wp\/v2\/media\/1318"}],"wp:attachment":[{"href":"https:\/\/blog.dgformacion.com\/index.php?rest_route=%2Fwp%2Fv2%2Fmedia&parent=1166"}],"wp:term":[{"taxonomy":"category","embeddable":true,"href":"https:\/\/blog.dgformacion.com\/index.php?rest_route=%2Fwp%2Fv2%2Fcategories&post=1166"},{"taxonomy":"post_tag","embeddable":true,"href":"https:\/\/blog.dgformacion.com\/index.php?rest_route=%2Fwp%2Fv2%2Ftags&post=1166"}],"curies":[{"name":"wp","href":"https:\/\/api.w.org\/{rel}","templated":true}]}}