{"id":1176,"date":"2025-10-17T09:15:59","date_gmt":"2025-10-17T08:15:59","guid":{"rendered":"https:\/\/blog.dgformacion.com\/?p=1176"},"modified":"2025-10-17T11:53:30","modified_gmt":"2025-10-17T10:53:30","slug":"iii-congreso-autonomico-de-f-p-de-cecap-c-valenciana-24-de-septiembre-2025","status":"publish","type":"post","link":"https:\/\/blog.dgformacion.com\/?p=1176","title":{"rendered":"III Congreso Auton\u00f3mico de F.P., de CECAP C. Valenciana- 24 de septiembre, 2025"},"content":{"rendered":"\n<p>Estos d\u00edas hemos tenido el privilegio de asistir en Alicante al <strong>III Congreso Auton\u00f3mico de Formaci\u00f3n Profesional<\/strong>, bajo el lema <em>\u201cJuntos formamos, juntos avanzamos\u201d<\/em>. Un espacio de encuentro organizado por <strong>CECAPCV<\/strong>, que ha reunido a representantes institucionales, expertos y entidades del sector para reflexionar sobre el presente y futuro de la FP en la Comunitat Valenciana.<br>Durante las jornadas pudimos asistir a ponencias y mesas redondas sobre temas clave como <strong>la adaptaci\u00f3n del Grado C<\/strong>, <strong>la internacionalizaci\u00f3n de la FP<\/strong>, <strong>la revoluci\u00f3n de la IA en la formaci\u00f3n<\/strong>, o la <strong>inclusi\u00f3n y las oportunidades laborales vinculadas a la extranjer\u00eda<\/strong>.<\/p>\n\n\n\n<div class=\"wp-block-jetpack-slideshow aligncenter\" data-effect=\"slide\"><div class=\"wp-block-jetpack-slideshow_container swiper-container\"><ul class=\"wp-block-jetpack-slideshow_swiper-wrapper swiper-wrapper\"><li class=\"wp-block-jetpack-slideshow_slide swiper-slide\"><figure><img loading=\"lazy\" decoding=\"async\" width=\"1024\" height=\"768\" alt=\"cecap valencia\" class=\"wp-block-jetpack-slideshow_image wp-image-1187\" data-id=\"1187\" src=\"http:\/\/blog.dgformacion.com\/wp-content\/uploads\/2025\/10\/WhatsApp-Image-2025-10-17-at-12.23.01-1024x768.jpeg\" srcset=\"https:\/\/blog.dgformacion.com\/wp-content\/uploads\/2025\/10\/WhatsApp-Image-2025-10-17-at-12.23.01-1024x768.jpeg 1024w, https:\/\/blog.dgformacion.com\/wp-content\/uploads\/2025\/10\/WhatsApp-Image-2025-10-17-at-12.23.01-300x225.jpeg 300w, https:\/\/blog.dgformacion.com\/wp-content\/uploads\/2025\/10\/WhatsApp-Image-2025-10-17-at-12.23.01-768x576.jpeg 768w, https:\/\/blog.dgformacion.com\/wp-content\/uploads\/2025\/10\/WhatsApp-Image-2025-10-17-at-12.23.01-1536x1152.jpeg 1536w, https:\/\/blog.dgformacion.com\/wp-content\/uploads\/2025\/10\/WhatsApp-Image-2025-10-17-at-12.23.01.jpeg 2048w\" sizes=\"(max-width: 1024px) 100vw, 1024px\" \/><\/figure><\/li><li class=\"wp-block-jetpack-slideshow_slide swiper-slide\"><figure><img loading=\"lazy\" decoding=\"async\" width=\"1024\" height=\"768\" alt=\"cecap valencia\" class=\"wp-block-jetpack-slideshow_image wp-image-1179\" data-id=\"1179\" src=\"http:\/\/blog.dgformacion.com\/wp-content\/uploads\/2025\/10\/hor3-1024x768.jpeg\" srcset=\"https:\/\/blog.dgformacion.com\/wp-content\/uploads\/2025\/10\/hor3-1024x768.jpeg 1024w, https:\/\/blog.dgformacion.com\/wp-content\/uploads\/2025\/10\/hor3-300x225.jpeg 300w, https:\/\/blog.dgformacion.com\/wp-content\/uploads\/2025\/10\/hor3-768x576.jpeg 768w, https:\/\/blog.dgformacion.com\/wp-content\/uploads\/2025\/10\/hor3.jpeg 1200w\" sizes=\"(max-width: 1024px) 100vw, 1024px\" \/><\/figure><\/li><li class=\"wp-block-jetpack-slideshow_slide swiper-slide\"><figure><img loading=\"lazy\" decoding=\"async\" width=\"1024\" height=\"768\" alt=\"cecap valencia\" class=\"wp-block-jetpack-slideshow_image wp-image-1177\" data-id=\"1177\" src=\"http:\/\/blog.dgformacion.com\/wp-content\/uploads\/2025\/10\/hor1-1024x768.jpeg\" srcset=\"https:\/\/blog.dgformacion.com\/wp-content\/uploads\/2025\/10\/hor1-1024x768.jpeg 1024w, https:\/\/blog.dgformacion.com\/wp-content\/uploads\/2025\/10\/hor1-300x225.jpeg 300w, https:\/\/blog.dgformacion.com\/wp-content\/uploads\/2025\/10\/hor1-768x576.jpeg 768w, https:\/\/blog.dgformacion.com\/wp-content\/uploads\/2025\/10\/hor1-1536x1152.jpeg 1536w, https:\/\/blog.dgformacion.com\/wp-content\/uploads\/2025\/10\/hor1.jpeg 2048w\" sizes=\"(max-width: 1024px) 100vw, 1024px\" \/><\/figure><\/li><li class=\"wp-block-jetpack-slideshow_slide swiper-slide\"><figure><img loading=\"lazy\" decoding=\"async\" width=\"1024\" height=\"768\" alt=\"cecap valencia\" class=\"wp-block-jetpack-slideshow_image wp-image-1180\" data-id=\"1180\" src=\"http:\/\/blog.dgformacion.com\/wp-content\/uploads\/2025\/10\/hor4-1024x768.jpeg\" srcset=\"https:\/\/blog.dgformacion.com\/wp-content\/uploads\/2025\/10\/hor4-1024x768.jpeg 1024w, https:\/\/blog.dgformacion.com\/wp-content\/uploads\/2025\/10\/hor4-300x225.jpeg 300w, https:\/\/blog.dgformacion.com\/wp-content\/uploads\/2025\/10\/hor4-768x576.jpeg 768w, https:\/\/blog.dgformacion.com\/wp-content\/uploads\/2025\/10\/hor4-1536x1152.jpeg 1536w, https:\/\/blog.dgformacion.com\/wp-content\/uploads\/2025\/10\/hor4.jpeg 2048w\" sizes=\"(max-width: 1024px) 100vw, 1024px\" \/><\/figure><\/li><li class=\"wp-block-jetpack-slideshow_slide swiper-slide\"><figure><img loading=\"lazy\" decoding=\"async\" width=\"1024\" height=\"768\" alt=\"cecap valencia\" class=\"wp-block-jetpack-slideshow_image wp-image-1178\" data-id=\"1178\" src=\"http:\/\/blog.dgformacion.com\/wp-content\/uploads\/2025\/10\/hor2-1024x768.jpeg\" srcset=\"https:\/\/blog.dgformacion.com\/wp-content\/uploads\/2025\/10\/hor2-1024x768.jpeg 1024w, https:\/\/blog.dgformacion.com\/wp-content\/uploads\/2025\/10\/hor2-300x225.jpeg 300w, https:\/\/blog.dgformacion.com\/wp-content\/uploads\/2025\/10\/hor2-768x576.jpeg 768w, https:\/\/blog.dgformacion.com\/wp-content\/uploads\/2025\/10\/hor2-1536x1152.jpeg 1536w, https:\/\/blog.dgformacion.com\/wp-content\/uploads\/2025\/10\/hor2.jpeg 2048w\" sizes=\"(max-width: 1024px) 100vw, 1024px\" \/><\/figure><\/li><li class=\"wp-block-jetpack-slideshow_slide swiper-slide\"><figure><img loading=\"lazy\" decoding=\"async\" width=\"901\" height=\"676\" alt=\"cecap valencia\" class=\"wp-block-jetpack-slideshow_image wp-image-1183\" data-id=\"1183\" src=\"http:\/\/blog.dgformacion.com\/wp-content\/uploads\/2025\/10\/WhatsApp-Image-2025-10-17-at-10.13.26-1.jpeg\" srcset=\"https:\/\/blog.dgformacion.com\/wp-content\/uploads\/2025\/10\/WhatsApp-Image-2025-10-17-at-10.13.26-1.jpeg 901w, https:\/\/blog.dgformacion.com\/wp-content\/uploads\/2025\/10\/WhatsApp-Image-2025-10-17-at-10.13.26-1-300x225.jpeg 300w, https:\/\/blog.dgformacion.com\/wp-content\/uploads\/2025\/10\/WhatsApp-Image-2025-10-17-at-10.13.26-1-768x576.jpeg 768w\" sizes=\"(max-width: 901px) 100vw, 901px\" \/><\/figure><\/li><li class=\"wp-block-jetpack-slideshow_slide swiper-slide\"><figure><img loading=\"lazy\" decoding=\"async\" width=\"901\" height=\"676\" alt=\"cecap valencia\" class=\"wp-block-jetpack-slideshow_image wp-image-1184\" data-id=\"1184\" src=\"http:\/\/blog.dgformacion.com\/wp-content\/uploads\/2025\/10\/WhatsApp-Image-2025-10-17-at-10.13.26.jpeg\" srcset=\"https:\/\/blog.dgformacion.com\/wp-content\/uploads\/2025\/10\/WhatsApp-Image-2025-10-17-at-10.13.26.jpeg 901w, https:\/\/blog.dgformacion.com\/wp-content\/uploads\/2025\/10\/WhatsApp-Image-2025-10-17-at-10.13.26-300x225.jpeg 300w, https:\/\/blog.dgformacion.com\/wp-content\/uploads\/2025\/10\/WhatsApp-Image-2025-10-17-at-10.13.26-768x576.jpeg 768w\" sizes=\"(max-width: 901px) 100vw, 901px\" \/><\/figure><\/li><li class=\"wp-block-jetpack-slideshow_slide swiper-slide\"><figure><img loading=\"lazy\" decoding=\"async\" width=\"1024\" height=\"768\" alt=\"cecap valencia\" class=\"wp-block-jetpack-slideshow_image wp-image-1182\" data-id=\"1182\" src=\"http:\/\/blog.dgformacion.com\/wp-content\/uploads\/2025\/10\/WhatsApp-Image-2025-10-17-at-10.12.14-1024x768.jpeg\" srcset=\"https:\/\/blog.dgformacion.com\/wp-content\/uploads\/2025\/10\/WhatsApp-Image-2025-10-17-at-10.12.14-1024x768.jpeg 1024w, https:\/\/blog.dgformacion.com\/wp-content\/uploads\/2025\/10\/WhatsApp-Image-2025-10-17-at-10.12.14-300x225.jpeg 300w, https:\/\/blog.dgformacion.com\/wp-content\/uploads\/2025\/10\/WhatsApp-Image-2025-10-17-at-10.12.14-768x576.jpeg 768w, https:\/\/blog.dgformacion.com\/wp-content\/uploads\/2025\/10\/WhatsApp-Image-2025-10-17-at-10.12.14-1536x1152.jpeg 1536w, https:\/\/blog.dgformacion.com\/wp-content\/uploads\/2025\/10\/WhatsApp-Image-2025-10-17-at-10.12.14.jpeg 1600w\" sizes=\"(max-width: 1024px) 100vw, 1024px\" \/><\/figure><\/li><\/ul><a class=\"wp-block-jetpack-slideshow_button-prev swiper-button-prev swiper-button-white\" role=\"button\"><\/a><a class=\"wp-block-jetpack-slideshow_button-next swiper-button-next swiper-button-white\" role=\"button\"><\/a><a aria-label=\"Pause Slideshow\" class=\"wp-block-jetpack-slideshow_button-pause\" role=\"button\"><\/a><div class=\"wp-block-jetpack-slideshow_pagination swiper-pagination swiper-pagination-white\"><\/div><\/div><\/div>\n\n\n\n<p>Nos quedamos con una idea central: la <strong>colaboraci\u00f3n entre administraciones, centros y empresas<\/strong> es esencial para seguir impulsando una formaci\u00f3n profesional moderna, inclusiva y conectada con las necesidades reales del mercado laboral.<br>\u00a1Un congreso inspirador que refuerza nuestro compromiso con la innovaci\u00f3n y la excelencia en la formaci\u00f3n!<\/p>\n","protected":false},"excerpt":{"rendered":"<p>Estos d\u00edas hemos tenido el privilegio de asistir en Alicante al III Congreso Auton\u00f3mico de Formaci\u00f3n Profesional, bajo el lema \u201cJuntos formamos, juntos avanzamos\u201d. Un espacio de encuentro organizado por CECAPCV, que ha reunido a representantes institucionales, expertos y entidades del sector para reflexionar sobre el presente y futuro de la FP en la Comunitat &hellip;<\/p>\n","protected":false},"author":2,"featured_media":1185,"comment_status":"closed","ping_status":"open","sticky":false,"template":"","format":"standard","meta":{"footnotes":"","_jetpack_memberships_contains_paid_content":false},"categories":[3],"tags":[97,133,51,53,50,182,43,116,145,23,33,132,174,121,44,114,21,55,117,176,19,38,131,32,83,28,20,22,175,177],"jetpack_sharing_enabled":true,"jetpack_featured_media_url":"https:\/\/blog.dgformacion.com\/wp-content\/uploads\/2025\/10\/cecap-valencia-comunitat-valenciana-autonomico-formacion-profesional.png","_links":{"self":[{"href":"https:\/\/blog.dgformacion.com\/index.php?rest_route=\/wp\/v2\/posts\/1176"}],"collection":[{"href":"https:\/\/blog.dgformacion.com\/index.php?rest_route=\/wp\/v2\/posts"}],"about":[{"href":"https:\/\/blog.dgformacion.com\/index.php?rest_route=\/wp\/v2\/types\/post"}],"author":[{"embeddable":true,"href":"https:\/\/blog.dgformacion.com\/index.php?rest_route=\/wp\/v2\/users\/2"}],"replies":[{"embeddable":true,"href":"https:\/\/blog.dgformacion.com\/index.php?rest_route=%2Fwp%2Fv2%2Fcomments&post=1176"}],"version-history":[{"count":2,"href":"https:\/\/blog.dgformacion.com\/index.php?rest_route=\/wp\/v2\/posts\/1176\/revisions"}],"predecessor-version":[{"id":1188,"href":"https:\/\/blog.dgformacion.com\/index.php?rest_route=\/wp\/v2\/posts\/1176\/revisions\/1188"}],"wp:featuredmedia":[{"embeddable":true,"href":"https:\/\/blog.dgformacion.com\/index.php?rest_route=\/wp\/v2\/media\/1185"}],"wp:attachment":[{"href":"https:\/\/blog.dgformacion.com\/index.php?rest_route=%2Fwp%2Fv2%2Fmedia&parent=1176"}],"wp:term":[{"taxonomy":"category","embeddable":true,"href":"https:\/\/blog.dgformacion.com\/index.php?rest_route=%2Fwp%2Fv2%2Fcategories&post=1176"},{"taxonomy":"post_tag","embeddable":true,"href":"https:\/\/blog.dgformacion.com\/index.php?rest_route=%2Fwp%2Fv2%2Ftags&post=1176"}],"curies":[{"name":"wp","href":"https:\/\/api.w.org\/{rel}","templated":true}]}}