{"id":1204,"date":"2025-10-23T10:39:46","date_gmt":"2025-10-23T09:39:46","guid":{"rendered":"https:\/\/blog.dgformacion.com\/?p=1204"},"modified":"2025-10-23T10:39:46","modified_gmt":"2025-10-23T09:39:46","slug":"foro-alianza-por-el-desarrollo-de-talento-digital-de-ametic-x-dch-23-de-octubre-2025","status":"publish","type":"post","link":"https:\/\/blog.dgformacion.com\/?p=1204","title":{"rendered":"Foro Alianza por el Desarrollo de Talento Digital, de AMETIC x DCH &#8211; 23 de octubre, 2025"},"content":{"rendered":"\n<p>Ayer tuvimos el placer de asistir al <strong>Foro Alianza por el Desarrollo del Talento Digital 2025<\/strong>, un encuentro inspirador que reuni\u00f3 a l\u00edderes, expertos y organizaciones comprometidas con el impulso del talento en la era digital. Durante la jornada, exploramos c\u00f3mo la inteligencia artificial, la automatizaci\u00f3n y las nuevas competencias digitales est\u00e1n transformando el panorama laboral, generando oportunidades sin precedentes para el crecimiento profesional y la innovaci\u00f3n empresarial.<\/p>\n\n\n\n<div class=\"wp-block-jetpack-slideshow aligncenter\" data-effect=\"slide\"><div class=\"wp-block-jetpack-slideshow_container swiper-container\"><ul class=\"wp-block-jetpack-slideshow_swiper-wrapper swiper-wrapper\"><li class=\"wp-block-jetpack-slideshow_slide swiper-slide\"><figure><img loading=\"lazy\" decoding=\"async\" width=\"1024\" height=\"768\" alt=\"\" class=\"wp-block-jetpack-slideshow_image wp-image-1205\" data-id=\"1205\" src=\"https:\/\/blog.dgformacion.com\/wp-content\/uploads\/2025\/10\/imagen-1-1-1024x768.jpeg\" srcset=\"https:\/\/blog.dgformacion.com\/wp-content\/uploads\/2025\/10\/imagen-1-1-1024x768.jpeg 1024w, https:\/\/blog.dgformacion.com\/wp-content\/uploads\/2025\/10\/imagen-1-1-300x225.jpeg 300w, https:\/\/blog.dgformacion.com\/wp-content\/uploads\/2025\/10\/imagen-1-1-768x576.jpeg 768w, https:\/\/blog.dgformacion.com\/wp-content\/uploads\/2025\/10\/imagen-1-1-1536x1152.jpeg 1536w, https:\/\/blog.dgformacion.com\/wp-content\/uploads\/2025\/10\/imagen-1-1-2048x1536.jpeg 2048w\" sizes=\"(max-width: 1024px) 100vw, 1024px\" \/><\/figure><\/li><li class=\"wp-block-jetpack-slideshow_slide swiper-slide\"><figure><img loading=\"lazy\" decoding=\"async\" width=\"1024\" height=\"768\" alt=\"\" class=\"wp-block-jetpack-slideshow_image wp-image-1206\" data-id=\"1206\" src=\"https:\/\/blog.dgformacion.com\/wp-content\/uploads\/2025\/10\/imagen-2-1-1024x768.jpeg\" srcset=\"https:\/\/blog.dgformacion.com\/wp-content\/uploads\/2025\/10\/imagen-2-1-1024x768.jpeg 1024w, https:\/\/blog.dgformacion.com\/wp-content\/uploads\/2025\/10\/imagen-2-1-300x225.jpeg 300w, https:\/\/blog.dgformacion.com\/wp-content\/uploads\/2025\/10\/imagen-2-1-768x576.jpeg 768w, https:\/\/blog.dgformacion.com\/wp-content\/uploads\/2025\/10\/imagen-2-1-1536x1152.jpeg 1536w, https:\/\/blog.dgformacion.com\/wp-content\/uploads\/2025\/10\/imagen-2-1-2048x1536.jpeg 2048w\" sizes=\"(max-width: 1024px) 100vw, 1024px\" \/><\/figure><\/li><li class=\"wp-block-jetpack-slideshow_slide swiper-slide\"><figure><img loading=\"lazy\" decoding=\"async\" width=\"1024\" height=\"768\" alt=\"\" class=\"wp-block-jetpack-slideshow_image wp-image-1207\" data-id=\"1207\" src=\"https:\/\/blog.dgformacion.com\/wp-content\/uploads\/2025\/10\/imagen-3-1.jpeg\" srcset=\"https:\/\/blog.dgformacion.com\/wp-content\/uploads\/2025\/10\/imagen-3-1.jpeg 1024w, https:\/\/blog.dgformacion.com\/wp-content\/uploads\/2025\/10\/imagen-3-1-300x225.jpeg 300w, https:\/\/blog.dgformacion.com\/wp-content\/uploads\/2025\/10\/imagen-3-1-768x576.jpeg 768w\" sizes=\"(max-width: 1024px) 100vw, 1024px\" \/><\/figure><\/li><li class=\"wp-block-jetpack-slideshow_slide swiper-slide\"><figure><img loading=\"lazy\" decoding=\"async\" width=\"1024\" height=\"768\" alt=\"\" class=\"wp-block-jetpack-slideshow_image wp-image-1208\" data-id=\"1208\" src=\"https:\/\/blog.dgformacion.com\/wp-content\/uploads\/2025\/10\/imagen-5-1024x768.jpeg\" srcset=\"https:\/\/blog.dgformacion.com\/wp-content\/uploads\/2025\/10\/imagen-5-1024x768.jpeg 1024w, https:\/\/blog.dgformacion.com\/wp-content\/uploads\/2025\/10\/imagen-5-300x225.jpeg 300w, https:\/\/blog.dgformacion.com\/wp-content\/uploads\/2025\/10\/imagen-5-768x576.jpeg 768w, https:\/\/blog.dgformacion.com\/wp-content\/uploads\/2025\/10\/imagen-5-1536x1152.jpeg 1536w, https:\/\/blog.dgformacion.com\/wp-content\/uploads\/2025\/10\/imagen-5-2048x1536.jpeg 2048w\" sizes=\"(max-width: 1024px) 100vw, 1024px\" \/><\/figure><\/li><\/ul><a class=\"wp-block-jetpack-slideshow_button-prev swiper-button-prev swiper-button-white\" role=\"button\"><\/a><a class=\"wp-block-jetpack-slideshow_button-next swiper-button-next swiper-button-white\" role=\"button\"><\/a><a aria-label=\"Pause Slideshow\" class=\"wp-block-jetpack-slideshow_button-pause\" role=\"button\"><\/a><div class=\"wp-block-jetpack-slideshow_pagination swiper-pagination swiper-pagination-white\"><\/div><\/div><\/div>\n\n\n\n<p>Nuestra asistencia al evento nos permiti\u00f3 conectar con profesionales de distintos sectores, intercambiar experiencias y reflexionar sobre los desaf\u00edos actuales en la formaci\u00f3n y retenci\u00f3n del talento. Nos quedamos con una idea clara: el futuro del trabajo ser\u00e1 colaborativo, inclusivo y digital. Desde DGF seguiremos apostando por iniciativas que fomenten el desarrollo de capacidades humanas en un entorno tecnol\u00f3gico cada vez m\u00e1s din\u00e1mico.<\/p>\n","protected":false},"excerpt":{"rendered":"<p>Ayer tuvimos el placer de asistir al Foro Alianza por el Desarrollo del Talento Digital 2025, un encuentro inspirador que reuni\u00f3 a l\u00edderes, expertos y organizaciones comprometidas con el impulso del talento en la era digital. Durante la jornada, exploramos c\u00f3mo la inteligencia artificial, la automatizaci\u00f3n y las nuevas competencias digitales est\u00e1n transformando el panorama &hellip;<\/p>\n","protected":false},"author":2,"featured_media":1209,"comment_status":"closed","ping_status":"open","sticky":false,"template":"","format":"standard","meta":{"footnotes":"","_jetpack_memberships_contains_paid_content":false},"categories":[3],"tags":[97,133,106,105,51,53,50,182,43,116,145,23,33,132,159,174,121,44,114,21,55,117,19,192,38,131,32,83,28,20,22,175,107,177,37],"jetpack_sharing_enabled":true,"jetpack_featured_media_url":"https:\/\/blog.dgformacion.com\/wp-content\/uploads\/2025\/10\/foro-alianza-talento-digital-ametic.png","_links":{"self":[{"href":"https:\/\/blog.dgformacion.com\/index.php?rest_route=\/wp\/v2\/posts\/1204"}],"collection":[{"href":"https:\/\/blog.dgformacion.com\/index.php?rest_route=\/wp\/v2\/posts"}],"about":[{"href":"https:\/\/blog.dgformacion.com\/index.php?rest_route=\/wp\/v2\/types\/post"}],"author":[{"embeddable":true,"href":"https:\/\/blog.dgformacion.com\/index.php?rest_route=\/wp\/v2\/users\/2"}],"replies":[{"embeddable":true,"href":"https:\/\/blog.dgformacion.com\/index.php?rest_route=%2Fwp%2Fv2%2Fcomments&post=1204"}],"version-history":[{"count":1,"href":"https:\/\/blog.dgformacion.com\/index.php?rest_route=\/wp\/v2\/posts\/1204\/revisions"}],"predecessor-version":[{"id":1210,"href":"https:\/\/blog.dgformacion.com\/index.php?rest_route=\/wp\/v2\/posts\/1204\/revisions\/1210"}],"wp:featuredmedia":[{"embeddable":true,"href":"https:\/\/blog.dgformacion.com\/index.php?rest_route=\/wp\/v2\/media\/1209"}],"wp:attachment":[{"href":"https:\/\/blog.dgformacion.com\/index.php?rest_route=%2Fwp%2Fv2%2Fmedia&parent=1204"}],"wp:term":[{"taxonomy":"category","embeddable":true,"href":"https:\/\/blog.dgformacion.com\/index.php?rest_route=%2Fwp%2Fv2%2Fcategories&post=1204"},{"taxonomy":"post_tag","embeddable":true,"href":"https:\/\/blog.dgformacion.com\/index.php?rest_route=%2Fwp%2Fv2%2Ftags&post=1204"}],"curies":[{"name":"wp","href":"https:\/\/api.w.org\/{rel}","templated":true}]}}