{"id":1211,"date":"2025-10-23T10:54:34","date_gmt":"2025-10-23T09:54:34","guid":{"rendered":"https:\/\/blog.dgformacion.com\/?p=1211"},"modified":"2025-12-09T12:36:08","modified_gmt":"2025-12-09T11:36:08","slug":"formacion-tecnologica-para-trabajadores-desempleados-aragon-2025","status":"publish","type":"post","link":"https:\/\/blog.dgformacion.com\/?p=1211","title":{"rendered":"Formaci\u00f3n tecnol\u00f3gica para trabajadores desempleados &#8211; Arag\u00f3n, 2025."},"content":{"rendered":"\n<p>El Gobierno de Arag\u00f3n, a trav\u00e9s del Instituto Aragon\u00e9s de Empleo (INAEM), ha lanzado la convocatoria 2025 del <strong>Plan WAVE PLUS Desempleados<\/strong>, una iniciativa clave para impulsar la empleabilidad y la actualizaci\u00f3n de competencias laborales \u2014especialmente tecnol\u00f3gicas\u2014 de las personas desempleadas en la comunidad. Esta convocatoria busca fortalecer la Formaci\u00f3n Profesional para el Empleo mediante acciones formativas estrat\u00e9gicas orientadas a los sectores prioritarios de Arag\u00f3n.<\/p>\n\n\n\n<p class=\"has-text-align-center\">   <strong>DESTINATARIOS<\/strong><br>Entidades de formaci\u00f3n acreditadas o inscritas en el registro correspondiente del INAEM, en centros y entidades de formaci\u00f3n acreditadas o inscritas en Arag\u00f3n que cumplan la normativa vigente (no se permite subcontrataci\u00f3n).<\/p>\n\n\n\n<p class=\"has-text-align-center\"><strong>PRESUPUESTO DISPONIBLE<br><\/strong>2.000.000,00 \u20ac.<\/p>\n\n\n\n<p class=\"has-text-align-center\"><strong>PLAZO DE LA SOLICITUD<\/strong><br>5 d\u00edas h\u00e1biles desde el d\u00eda siguiente a la publicaci\u00f3n en el Bolet\u00edn Oficial de Arag\u00f3n.<\/p>\n\n\n\n<p class=\"has-text-align-center\"><strong>MODALIDAD DE IMPARTICI\u00d3N<\/strong><br>Las acciones formativas podr\u00e1n desarrollarse en formato presencial o de teleformaci\u00f3n. <\/p>\n\n\n\n<p class=\"has-text-align-center\"><strong>CATEGOR\u00cdA<br><\/strong>Oferta formativa para trabajadores desempleados dentro del SEPE.<\/p>\n\n\n\n<p class=\"has-text-color has-link-color wp-elements-26b6f4d8d365d30ac99196aad71d5790\" style=\"color:#ffffff00\"><strong>.<\/strong>dvdfvdvdfdv<\/p>\n\n\n\n<p>Para m\u00e1s informaci\u00f3n, visital el siguiente enlace:<\/p>\n\n\n\n<div class=\"wp-block-buttons is-content-justification-center is-layout-flex wp-container-core-buttons-layout-1 wp-block-buttons-is-layout-flex\">\n<div class=\"wp-block-button\"><a class=\"wp-block-button__link has-white-color has-text-color has-link-color wp-element-button\" href=\"https:\/\/www.infosubvenciones.es\/bdnstrans\/GE\/es\/convocatorias\/863480\" target=\"_blank\" rel=\"noreferrer noopener\">Ver convocatoria<\/a><\/div>\n<\/div>\n\n\n\n<p><\/p>\n\n\n\n<p class=\"has-text-align-center\" style=\"font-size:24px\">Echa un vistazo a nuestro cat\u00e1logo completo&nbsp;<a href=\"https:\/\/dgformacion.com\/categoria-curso\/contenido-en-formato-digital\/certificados-de-profesionalidad\/\" target=\"_blank\" rel=\"noreferrer noopener\">pinchando aqu\u00ed<\/a>.<\/p>\n\n\n\n<p class=\"has-text-align-center\">Contacta con nosotros a trav\u00e9s del 914 32 02 02, o info@dgformacion.com.<\/p>\n","protected":false},"excerpt":{"rendered":"<p>El Gobierno de Arag\u00f3n, a trav\u00e9s del Instituto Aragon\u00e9s de Empleo (INAEM), ha lanzado la convocatoria 2025 del Plan WAVE PLUS Desempleados, una iniciativa clave para impulsar la empleabilidad y la actualizaci\u00f3n de competencias laborales \u2014especialmente tecnol\u00f3gicas\u2014 de las personas desempleadas en la comunidad. Esta convocatoria busca fortalecer la Formaci\u00f3n Profesional para el Empleo mediante &hellip;<\/p>\n","protected":false},"author":2,"featured_media":1317,"comment_status":"closed","ping_status":"open","sticky":false,"template":"","format":"standard","meta":{"footnotes":"","_jetpack_memberships_contains_paid_content":false},"categories":[4],"tags":[123,86,91,104,122,31,64,78,90,7,99,167,168,19,169,89,127,126,124,125,118,93,66,85,65,74,119,67,170,75],"jetpack_sharing_enabled":true,"jetpack_featured_media_url":"https:\/\/blog.dgformacion.com\/wp-content\/uploads\/2025\/10\/aragon-formacion-tecnologica-desempleados.png","_links":{"self":[{"href":"https:\/\/blog.dgformacion.com\/index.php?rest_route=\/wp\/v2\/posts\/1211"}],"collection":[{"href":"https:\/\/blog.dgformacion.com\/index.php?rest_route=\/wp\/v2\/posts"}],"about":[{"href":"https:\/\/blog.dgformacion.com\/index.php?rest_route=\/wp\/v2\/types\/post"}],"author":[{"embeddable":true,"href":"https:\/\/blog.dgformacion.com\/index.php?rest_route=\/wp\/v2\/users\/2"}],"replies":[{"embeddable":true,"href":"https:\/\/blog.dgformacion.com\/index.php?rest_route=%2Fwp%2Fv2%2Fcomments&post=1211"}],"version-history":[{"count":3,"href":"https:\/\/blog.dgformacion.com\/index.php?rest_route=\/wp\/v2\/posts\/1211\/revisions"}],"predecessor-version":[{"id":1215,"href":"https:\/\/blog.dgformacion.com\/index.php?rest_route=\/wp\/v2\/posts\/1211\/revisions\/1215"}],"wp:featuredmedia":[{"embeddable":true,"href":"https:\/\/blog.dgformacion.com\/index.php?rest_route=\/wp\/v2\/media\/1317"}],"wp:attachment":[{"href":"https:\/\/blog.dgformacion.com\/index.php?rest_route=%2Fwp%2Fv2%2Fmedia&parent=1211"}],"wp:term":[{"taxonomy":"category","embeddable":true,"href":"https:\/\/blog.dgformacion.com\/index.php?rest_route=%2Fwp%2Fv2%2Fcategories&post=1211"},{"taxonomy":"post_tag","embeddable":true,"href":"https:\/\/blog.dgformacion.com\/index.php?rest_route=%2Fwp%2Fv2%2Ftags&post=1211"}],"curies":[{"name":"wp","href":"https:\/\/api.w.org\/{rel}","templated":true}]}}