{"id":1234,"date":"2025-11-10T10:29:26","date_gmt":"2025-11-10T09:29:26","guid":{"rendered":"https:\/\/blog.dgformacion.com\/?p=1234"},"modified":"2025-12-09T12:36:10","modified_gmt":"2025-12-09T11:36:10","slug":"formacion-para-personas-desempleadas-region-de-murcia-2025","status":"publish","type":"post","link":"https:\/\/blog.dgformacion.com\/?p=1234","title":{"rendered":"Formaci\u00f3n para personas desempleadas &#8211; Regi\u00f3n de Murcia, 2025."},"content":{"rendered":"\n<p>El Servicio Regional de Empleo y Formaci\u00f3n (SEF) ha abierto la convocatoria de subvenciones para la realizaci\u00f3n de acciones formativas destinadas a mejorar la empleabilidad de personas desempleadas en la Regi\u00f3n de Murcia durante 2025. Estas ayudas buscan impulsar la cualificaci\u00f3n profesional, con especial atenci\u00f3n a colectivos con discapacidad y al sector de la transformaci\u00f3n agroalimentaria.<\/p>\n\n\n\n<p class=\"has-text-align-center\">   <strong>DESTINATARIOS<\/strong><br>Centros y entidades de formaci\u00f3n, p\u00fablicas o privadas, acreditadas o inscritas en el Registro de Entidades de Formaci\u00f3n del SEF y\/o en el Registro Estatal, con instalaciones en la Regi\u00f3n de Murcia. Tambi\u00e9n podr\u00e1n participar agrupaciones de entidades conforme al art\u00edculo 11.3 de la Ley 38\/2003.<\/p>\n\n\n\n<p class=\"has-text-align-center\"><strong>PRESUPUESTO DISPONIBLE<br><\/strong>14.488.859,89 \u20ac, con una cuant\u00eda adicional estimada de 8.000.000 \u20ac, condicionada a la disponibilidad presupuestaria.<\/p>\n\n\n\n<p class=\"has-text-align-center\"><strong>PLAZO DE LA SOLICITUD<\/strong><br>15 d\u00edas h\u00e1biles a partir del d\u00eda siguiente a la publicaci\u00f3n del extracto de la convocatoria en el Bolet\u00edn Oficial de la Regi\u00f3n de Murcia (BORM).<\/p>\n\n\n\n<p class=\"has-text-align-center\"><strong>MODALIDAD DE IMPARTICI\u00d3N<\/strong><br>Presencial, en centros de formaci\u00f3n acreditados en la Regi\u00f3n de Murcia.<\/p>\n\n\n\n<p class=\"has-text-align-center\"><strong>CATEGOR\u00cdA<br><\/strong>Formaci\u00f3n de oferta dirigida a personas desempleadas:<br>Programa 1: Personas desempleadas.<br>Programa 2: Personas con discapacidad.<br>Programa 3: Transformaci\u00f3n agroalimentaria.<\/p>\n\n\n\n<p>Para m\u00e1s informaci\u00f3n, visital el siguiente enlace:<\/p>\n\n\n\n<div class=\"wp-block-buttons is-content-justification-center is-layout-flex wp-container-core-buttons-layout-1 wp-block-buttons-is-layout-flex\">\n<div class=\"wp-block-button\"><a class=\"wp-block-button__link has-white-color has-text-color has-link-color wp-element-button\" href=\"https:\/\/www.sefcarm.es\/web\/pagina?IDCONTENIDO=74904&amp;IDTIPO=100&amp;RASTRO=c$m70719,70755,70849,70866,74361\" target=\"_blank\" rel=\"noreferrer noopener\">Ver convocatoria<\/a><\/div>\n<\/div>\n\n\n\n<p><\/p>\n\n\n\n<p class=\"has-text-align-center\" style=\"font-size:24px\">Echa un vistazo a nuestro cat\u00e1logo completo&nbsp;<a href=\"https:\/\/dgformacion.com\/categoria-curso\/contenido-en-formato-digital\/certificados-de-profesionalidad\/\" target=\"_blank\" rel=\"noreferrer noopener\">pinchando aqu\u00ed<\/a>.<\/p>\n\n\n\n<p class=\"has-text-align-center\">Contacta con nosotros a trav\u00e9s del 914 32 02 02, o info@dgformacion.com.<\/p>\n","protected":false},"excerpt":{"rendered":"<p>El Servicio Regional de Empleo y Formaci\u00f3n (SEF) ha abierto la convocatoria de subvenciones para la realizaci\u00f3n de acciones formativas destinadas a mejorar la empleabilidad de personas desempleadas en la Regi\u00f3n de Murcia durante 2025. Estas ayudas buscan impulsar la cualificaci\u00f3n profesional, con especial atenci\u00f3n a colectivos con discapacidad y al sector de la transformaci\u00f3n &hellip;<\/p>\n","protected":false},"author":2,"featured_media":1316,"comment_status":"closed","ping_status":"open","sticky":false,"template":"","format":"standard","meta":{"footnotes":"","_jetpack_memberships_contains_paid_content":false},"categories":[4],"tags":[123,91,104,122,31,64,78,90,7,99,167,19,169,89,127,126,124,125,118,171,93,66,65,10,74,119,67,170,75],"jetpack_sharing_enabled":true,"jetpack_featured_media_url":"https:\/\/blog.dgformacion.com\/wp-content\/uploads\/2025\/11\/murcia-personas-desempleadas.png","_links":{"self":[{"href":"https:\/\/blog.dgformacion.com\/index.php?rest_route=\/wp\/v2\/posts\/1234"}],"collection":[{"href":"https:\/\/blog.dgformacion.com\/index.php?rest_route=\/wp\/v2\/posts"}],"about":[{"href":"https:\/\/blog.dgformacion.com\/index.php?rest_route=\/wp\/v2\/types\/post"}],"author":[{"embeddable":true,"href":"https:\/\/blog.dgformacion.com\/index.php?rest_route=\/wp\/v2\/users\/2"}],"replies":[{"embeddable":true,"href":"https:\/\/blog.dgformacion.com\/index.php?rest_route=%2Fwp%2Fv2%2Fcomments&post=1234"}],"version-history":[{"count":1,"href":"https:\/\/blog.dgformacion.com\/index.php?rest_route=\/wp\/v2\/posts\/1234\/revisions"}],"predecessor-version":[{"id":1236,"href":"https:\/\/blog.dgformacion.com\/index.php?rest_route=\/wp\/v2\/posts\/1234\/revisions\/1236"}],"wp:featuredmedia":[{"embeddable":true,"href":"https:\/\/blog.dgformacion.com\/index.php?rest_route=\/wp\/v2\/media\/1316"}],"wp:attachment":[{"href":"https:\/\/blog.dgformacion.com\/index.php?rest_route=%2Fwp%2Fv2%2Fmedia&parent=1234"}],"wp:term":[{"taxonomy":"category","embeddable":true,"href":"https:\/\/blog.dgformacion.com\/index.php?rest_route=%2Fwp%2Fv2%2Fcategories&post=1234"},{"taxonomy":"post_tag","embeddable":true,"href":"https:\/\/blog.dgformacion.com\/index.php?rest_route=%2Fwp%2Fv2%2Ftags&post=1234"}],"curies":[{"name":"wp","href":"https:\/\/api.w.org\/{rel}","templated":true}]}}