{"id":1254,"date":"2025-11-12T11:30:44","date_gmt":"2025-11-12T10:30:44","guid":{"rendered":"https:\/\/blog.dgformacion.com\/?p=1254"},"modified":"2025-12-09T12:36:07","modified_gmt":"2025-12-09T11:36:07","slug":"fp-ocupacional-dual-cataluna-2025","status":"publish","type":"post","link":"https:\/\/blog.dgformacion.com\/?p=1254","title":{"rendered":"FP. Ocupacional Dual &#8211; Catalu\u00f1a, 2025."},"content":{"rendered":"\n<p>El Servei d\u2019Ocupaci\u00f3 de Catalunya (SOC) lanza una nueva convocatoria de subvenciones para impulsar la empleabilidad a trav\u00e9s del Programa de Formaci\u00f3n Profesional Ocupacional Dual. Este programa combina formaci\u00f3n y contrataci\u00f3n en alternancia, fomentando la inserci\u00f3n laboral de personas desempleadas, especialmente j\u00f3venes y colectivos vulnerables. Las ayudas apoyan proyectos de formaci\u00f3n, acompa\u00f1amiento y contrataci\u00f3n en todo el territorio catal\u00e1n.<\/p>\n\n\n\n<p class=\"has-text-align-center\">   <strong>DESTINATARIOS<\/strong><br>Administraciones locales y sus organismos dependientes.<br>Entidades sin \u00e1nimo de lucro con experiencia en inserci\u00f3n laboral o atenci\u00f3n a colectivos vulnerables.<br>Organizaciones empresariales y sindicales.<br>Centros y entidades de formaci\u00f3n acreditados en el Registro de Entidades de Formaci\u00f3n de Catalu\u00f1a.<br>Empresas mercantiles o personas f\u00edsicas\/jur\u00eddicas con capacidad de contratar y centro de trabajo en Catalu\u00f1a.<\/p>\n\n\n\n<p class=\"has-text-align-center\"><strong>PRESUPUESTO DISPONIBLE<br><\/strong>29.800.000 \u20ac<br><em>(Incluye una reserva de 2.000.000 \u20ac para proyectos dirigidos a personas con discapacidad o trastorno mental.)<\/em><\/p>\n\n\n\n<p class=\"has-text-align-center\"><strong>PLAZO DE LA SOLICITUD<\/strong><br>10 d\u00edas h\u00e1biles desde el d\u00eda siguiente a la publicaci\u00f3n de la convocatoria en el Diari Oficial de la Generalitat de Catalunya (DOGC).<\/p>\n\n\n\n<p class=\"has-text-align-center\"><strong>MODALIDAD DE IMPARTICI\u00d3N<\/strong><br>No especificada en la convocatoria. Las actuaciones deben realizarse en centros acreditados o inscritos en el Registro de Entidades de Formaci\u00f3n de Catalu\u00f1a.<\/p>\n\n\n\n<p class=\"has-text-align-center\"><strong>CATEGOR\u00cdA<br><\/strong>Subvenciones para formaci\u00f3n profesional dual (acreditaci\u00f3n, acompa\u00f1amiento y contrataci\u00f3n en alternancia).<\/p>\n\n\n\n<p>Para m\u00e1s informaci\u00f3n, visital el siguiente enlace:<\/p>\n\n\n\n<div class=\"wp-block-buttons is-content-justification-center is-layout-flex wp-container-core-buttons-layout-1 wp-block-buttons-is-layout-flex\">\n<div class=\"wp-block-button\"><a class=\"wp-block-button__link has-white-color has-text-color has-link-color wp-element-button\" href=\"https:\/\/portaldogc.gencat.cat\/utilsEADOP\/PDF\/9473\/2104352.pdf\" target=\"_blank\" rel=\"noreferrer noopener\">Ver convocatoria<\/a><\/div>\n<\/div>\n\n\n\n<p><\/p>\n\n\n\n<p class=\"has-text-align-center\" style=\"font-size:24px\">Echa un vistazo a nuestro cat\u00e1logo completo&nbsp;<a href=\"https:\/\/dgformacion.com\/categoria-curso\/contenido-en-formato-digital\/certificados-de-profesionalidad\/\" target=\"_blank\" rel=\"noreferrer noopener\">pinchando aqu\u00ed<\/a>.<\/p>\n\n\n\n<p class=\"has-text-align-center\">Contacta con nosotros a trav\u00e9s del 914 32 02 02, o info@dgformacion.com.<\/p>\n","protected":false},"excerpt":{"rendered":"<p>El Servei d\u2019Ocupaci\u00f3 de Catalunya (SOC) lanza una nueva convocatoria de subvenciones para impulsar la empleabilidad a trav\u00e9s del Programa de Formaci\u00f3n Profesional Ocupacional Dual. Este programa combina formaci\u00f3n y contrataci\u00f3n en alternancia, fomentando la inserci\u00f3n laboral de personas desempleadas, especialmente j\u00f3venes y colectivos vulnerables. Las ayudas apoyan proyectos de formaci\u00f3n, acompa\u00f1amiento y contrataci\u00f3n en &hellip;<\/p>\n","protected":false},"author":2,"featured_media":1315,"comment_status":"closed","ping_status":"open","sticky":false,"template":"","format":"standard","meta":{"footnotes":"","_jetpack_memberships_contains_paid_content":false},"categories":[4],"tags":[123,146,147,172,91,104,122,31,64,78,90,7,99,167,19,169,89,127,126,124,125,118,93,66,65,74,119,67,170,75],"jetpack_sharing_enabled":true,"jetpack_featured_media_url":"https:\/\/blog.dgformacion.com\/wp-content\/uploads\/2025\/11\/catalunya-fp-ocupacional-dual.png","_links":{"self":[{"href":"https:\/\/blog.dgformacion.com\/index.php?rest_route=\/wp\/v2\/posts\/1254"}],"collection":[{"href":"https:\/\/blog.dgformacion.com\/index.php?rest_route=\/wp\/v2\/posts"}],"about":[{"href":"https:\/\/blog.dgformacion.com\/index.php?rest_route=\/wp\/v2\/types\/post"}],"author":[{"embeddable":true,"href":"https:\/\/blog.dgformacion.com\/index.php?rest_route=\/wp\/v2\/users\/2"}],"replies":[{"embeddable":true,"href":"https:\/\/blog.dgformacion.com\/index.php?rest_route=%2Fwp%2Fv2%2Fcomments&post=1254"}],"version-history":[{"count":5,"href":"https:\/\/blog.dgformacion.com\/index.php?rest_route=\/wp\/v2\/posts\/1254\/revisions"}],"predecessor-version":[{"id":1264,"href":"https:\/\/blog.dgformacion.com\/index.php?rest_route=\/wp\/v2\/posts\/1254\/revisions\/1264"}],"wp:featuredmedia":[{"embeddable":true,"href":"https:\/\/blog.dgformacion.com\/index.php?rest_route=\/wp\/v2\/media\/1315"}],"wp:attachment":[{"href":"https:\/\/blog.dgformacion.com\/index.php?rest_route=%2Fwp%2Fv2%2Fmedia&parent=1254"}],"wp:term":[{"taxonomy":"category","embeddable":true,"href":"https:\/\/blog.dgformacion.com\/index.php?rest_route=%2Fwp%2Fv2%2Fcategories&post=1254"},{"taxonomy":"post_tag","embeddable":true,"href":"https:\/\/blog.dgformacion.com\/index.php?rest_route=%2Fwp%2Fv2%2Ftags&post=1254"}],"curies":[{"name":"wp","href":"https:\/\/api.w.org\/{rel}","templated":true}]}}