{"id":1265,"date":"2025-11-14T13:36:49","date_gmt":"2025-11-14T12:36:49","guid":{"rendered":"https:\/\/blog.dgformacion.com\/?p=1265"},"modified":"2025-12-09T12:36:06","modified_gmt":"2025-12-09T11:36:06","slug":"acciones-estrategicas-formativas-pais-vasco-2025","status":"publish","type":"post","link":"https:\/\/blog.dgformacion.com\/?p=1265","title":{"rendered":"Acciones estrat\u00e9gicas formativas &#8211; Pa\u00eds Vasco, 2025."},"content":{"rendered":"\n<p>El servicio vasco de empleo (LANBIDE) ha lanzado una convocatoria para financiar \u201cacciones estrat\u00e9gicas formativas\u201d en el Pa\u00eds Vasco, con el objetivo de mejorar las competencias de las personas trabajadoras. Estas ayudas est\u00e1n destinadas a iniciativas formativas planificadas por empresas y se extienden para los ejercicios 2025 y 2026.<\/p>\n\n\n\n<p class=\"has-text-align-center\">   <strong>DESTINATARIOS<\/strong><br>Empresas con m\u00e1s de 35 trabajadores y grupos de empresas con un total de 50 trabajadores en la Comunidad Aut\u00f3noma del Pa\u00eds Vasco.<br>Opcionalmente, empresas con plantillas menores sujetas a evaluaci\u00f3n por Lanbide.<\/p>\n\n\n\n<p class=\"has-text-align-center\"><strong>PRESUPUESTO DISPONIBLE<br><\/strong>3.200.000,00 \u20ac<\/p>\n\n\n\n<p class=\"has-text-align-center\"><strong>PLAZO DE LA SOLICITUD<\/strong><br>Hasta el 21 de noviembre de 2025.<\/p>\n\n\n\n<p class=\"has-text-align-center\"><strong>MODALIDAD DE IMPARTICI\u00d3N<\/strong><br>Las acciones pueden ser presenciales (incluye aula virtual y modalidad bimodal con control de conexiones), teleformaci\u00f3n o mixtas.<\/p>\n\n\n\n<p class=\"has-text-align-center\"><strong>CATEGOR\u00cdA<br><\/strong>Formaci\u00f3n profesional para el empleo, espec\u00edficamente acciones estrat\u00e9gicas de formaci\u00f3n subvencionadas por Lanbide.<\/p>\n\n\n\n<p>Para m\u00e1s informaci\u00f3n, visital el siguiente enlace:<\/p>\n\n\n\n<div class=\"wp-block-buttons is-content-justification-center is-layout-flex wp-container-core-buttons-layout-1 wp-block-buttons-is-layout-flex\">\n<div class=\"wp-block-button\"><a class=\"wp-block-button__link has-white-color has-text-color has-link-color wp-element-button\" href=\"https:\/\/www.infosubvenciones.es\/bdnstrans\/GE\/es\/convocatorias\/867106\" target=\"_blank\" rel=\"noreferrer noopener\">Ver convocatoria<\/a><\/div>\n<\/div>\n\n\n\n<p><\/p>\n\n\n\n<p class=\"has-text-align-center\" style=\"font-size:24px\">Echa un vistazo a nuestro cat\u00e1logo completo&nbsp;<a href=\"https:\/\/dgformacion.com\/categoria-curso\/contenido-en-formato-digital\/certificados-de-profesionalidad\/\" target=\"_blank\" rel=\"noreferrer noopener\">pinchando aqu\u00ed<\/a>.<\/p>\n\n\n\n<p class=\"has-text-align-center\">Contacta con nosotros a trav\u00e9s del 914 32 02 02, o info@dgformacion.com.<\/p>\n","protected":false},"excerpt":{"rendered":"<p>El servicio vasco de empleo (LANBIDE) ha lanzado una convocatoria para financiar \u201cacciones estrat\u00e9gicas formativas\u201d en el Pa\u00eds Vasco, con el objetivo de mejorar las competencias de las personas trabajadoras. Estas ayudas est\u00e1n destinadas a iniciativas formativas planificadas por empresas y se extienden para los ejercicios 2025 y 2026. DESTINATARIOSEmpresas con m\u00e1s de 35 trabajadores &hellip;<\/p>\n","protected":false},"author":2,"featured_media":1312,"comment_status":"closed","ping_status":"open","sticky":false,"template":"","format":"standard","meta":{"footnotes":"","_jetpack_memberships_contains_paid_content":false},"categories":[4],"tags":[123,91,104,122,31,64,78,90,7,99,167,19,169,89,127,126,124,125,118,93,6,77,66,65,74,119,67,170,75],"jetpack_sharing_enabled":true,"jetpack_featured_media_url":"https:\/\/blog.dgformacion.com\/wp-content\/uploads\/2025\/11\/acciones-estrategicas-formativas-vasco-pais.png","_links":{"self":[{"href":"https:\/\/blog.dgformacion.com\/index.php?rest_route=\/wp\/v2\/posts\/1265"}],"collection":[{"href":"https:\/\/blog.dgformacion.com\/index.php?rest_route=\/wp\/v2\/posts"}],"about":[{"href":"https:\/\/blog.dgformacion.com\/index.php?rest_route=\/wp\/v2\/types\/post"}],"author":[{"embeddable":true,"href":"https:\/\/blog.dgformacion.com\/index.php?rest_route=\/wp\/v2\/users\/2"}],"replies":[{"embeddable":true,"href":"https:\/\/blog.dgformacion.com\/index.php?rest_route=%2Fwp%2Fv2%2Fcomments&post=1265"}],"version-history":[{"count":2,"href":"https:\/\/blog.dgformacion.com\/index.php?rest_route=\/wp\/v2\/posts\/1265\/revisions"}],"predecessor-version":[{"id":1268,"href":"https:\/\/blog.dgformacion.com\/index.php?rest_route=\/wp\/v2\/posts\/1265\/revisions\/1268"}],"wp:featuredmedia":[{"embeddable":true,"href":"https:\/\/blog.dgformacion.com\/index.php?rest_route=\/wp\/v2\/media\/1312"}],"wp:attachment":[{"href":"https:\/\/blog.dgformacion.com\/index.php?rest_route=%2Fwp%2Fv2%2Fmedia&parent=1265"}],"wp:term":[{"taxonomy":"category","embeddable":true,"href":"https:\/\/blog.dgformacion.com\/index.php?rest_route=%2Fwp%2Fv2%2Fcategories&post=1265"},{"taxonomy":"post_tag","embeddable":true,"href":"https:\/\/blog.dgformacion.com\/index.php?rest_route=%2Fwp%2Fv2%2Ftags&post=1265"}],"curies":[{"name":"wp","href":"https:\/\/api.w.org\/{rel}","templated":true}]}}