{"id":1269,"date":"2025-11-18T10:35:08","date_gmt":"2025-11-18T09:35:08","guid":{"rendered":"https:\/\/blog.dgformacion.com\/?p=1269"},"modified":"2025-12-09T12:36:05","modified_gmt":"2025-12-09T11:36:05","slug":"trabajadores-ocupados-canarias-2025","status":"publish","type":"post","link":"https:\/\/blog.dgformacion.com\/?p=1269","title":{"rendered":"Trabajadores ocupados &#8211; Canarias, 2025."},"content":{"rendered":"\n<p>El Servicio Canario de Empleo ha publicado la resoluci\u00f3n que regula la convocatoria de subvenciones para financiar planes de formaci\u00f3n dirigidos prioritariamente a personas trabajadoras ocupadas durante el ejercicio 2025. Esta convocatoria incorpora tramitaci\u00f3n de urgencia y permite a las entidades de formaci\u00f3n presentar planes presenciales o de teleformaci\u00f3n as\u00edncrona. Su objetivo es mejorar la cualificaci\u00f3n y competitividad de la poblaci\u00f3n ocupada en Canarias.<\/p>\n\n\n\n<p class=\"has-text-align-center\">   <strong>DESTINATARIOS<\/strong><br>Entidades de formaci\u00f3n p\u00fablicas o privadas acreditadas o inscritas en el registro correspondiente del SCE o del SEPE, con instalaciones en Canarias.<br>Se permiten agrupaciones de entidades (art. 11.3 Ley 38\/2003).<\/p>\n\n\n\n<p class=\"has-text-align-center\"><strong>PRESUPUESTO DISPONIBLE<br>5.000.000 \u20ac<\/strong>, distribuidos en:<br><strong>2.750.000 \u20ac<\/strong> para <em>planes transversales<\/em> (55%) &amp; <strong>2.250.000 \u20ac<\/strong> para <em>planes sectoriales<\/em> (45%).<\/p>\n\n\n\n<p class=\"has-text-align-center\">L\u00edmites por plan (m\u00e1ximos):<br>Transversales: <strong>196.428,57 \u20ac<\/strong>. Sectoriales: <strong>150.000 \u20ac aprox.<\/strong><\/p>\n\n\n\n<p class=\"has-text-align-center\"><strong>PLAZO DE LA SOLICITUD<\/strong><br>El plazo comienza <strong>al d\u00eda siguiente de la publicaci\u00f3n del extracto en el Bolet\u00edn Oficial de Canarias (BOC)<\/strong>.<\/p>\n\n\n\n<p class=\"has-text-align-center\"><strong>MODALIDAD DE IMPARTICI\u00d3N<\/strong><br>Las acciones pueden ser presenciales o de teleformaci\u00f3n.<\/p>\n\n\n\n<p class=\"has-text-align-center\"><strong>CATEGOR\u00cdA<br><\/strong>Planes de formaci\u00f3n TRANSVERSALES y SECTORIALES.<\/p>\n\n\n\n<p>Para m\u00e1s informaci\u00f3n, visital el siguiente enlace:<\/p>\n\n\n\n<div class=\"wp-block-buttons is-content-justification-center is-layout-flex wp-container-core-buttons-layout-1 wp-block-buttons-is-layout-flex\">\n<div class=\"wp-block-button\"><a class=\"wp-block-button__link has-white-color has-text-color has-link-color wp-element-button\" href=\"https:\/\/www.gobiernodecanarias.org\/empleo\/sce\/principal\/buscador_contenidos\/detalle\/Publicada-la-convocatoria-extraordinaria-2025-del-Programa-Segunda-Oportunidad-00001\/\" target=\"_blank\" rel=\"noreferrer noopener\">Ver convocatoria<\/a><\/div>\n<\/div>\n\n\n\n<p><\/p>\n\n\n\n<p class=\"has-text-align-center\" style=\"font-size:24px\">Echa un vistazo a nuestro cat\u00e1logo completo&nbsp;<a href=\"https:\/\/dgformacion.com\/categoria-curso\/contenido-en-formato-digital\/certificados-de-profesionalidad\/\" target=\"_blank\" rel=\"noreferrer noopener\">pinchando aqu\u00ed<\/a>.<\/p>\n\n\n\n<p class=\"has-text-align-center\">Contacta con nosotros a trav\u00e9s del 914 32 02 02, o info@dgformacion.com.<\/p>\n","protected":false},"excerpt":{"rendered":"<p>El Servicio Canario de Empleo ha publicado la resoluci\u00f3n que regula la convocatoria de subvenciones para financiar planes de formaci\u00f3n dirigidos prioritariamente a personas trabajadoras ocupadas durante el ejercicio 2025. Esta convocatoria incorpora tramitaci\u00f3n de urgencia y permite a las entidades de formaci\u00f3n presentar planes presenciales o de teleformaci\u00f3n as\u00edncrona. Su objetivo es mejorar la &hellip;<\/p>\n","protected":false},"author":2,"featured_media":1313,"comment_status":"closed","ping_status":"open","sticky":false,"template":"","format":"standard","meta":{"footnotes":"","_jetpack_memberships_contains_paid_content":false},"categories":[4],"tags":[123,82,91,104,122,31,64,78,90,7,99,167,19,169,89,127,126,124,125,118,93,66,65,74,119,67,170,75],"jetpack_sharing_enabled":true,"jetpack_featured_media_url":"https:\/\/blog.dgformacion.com\/wp-content\/uploads\/2025\/11\/trabajadores-ocupados-canarias-25.png","_links":{"self":[{"href":"https:\/\/blog.dgformacion.com\/index.php?rest_route=\/wp\/v2\/posts\/1269"}],"collection":[{"href":"https:\/\/blog.dgformacion.com\/index.php?rest_route=\/wp\/v2\/posts"}],"about":[{"href":"https:\/\/blog.dgformacion.com\/index.php?rest_route=\/wp\/v2\/types\/post"}],"author":[{"embeddable":true,"href":"https:\/\/blog.dgformacion.com\/index.php?rest_route=\/wp\/v2\/users\/2"}],"replies":[{"embeddable":true,"href":"https:\/\/blog.dgformacion.com\/index.php?rest_route=%2Fwp%2Fv2%2Fcomments&post=1269"}],"version-history":[{"count":3,"href":"https:\/\/blog.dgformacion.com\/index.php?rest_route=\/wp\/v2\/posts\/1269\/revisions"}],"predecessor-version":[{"id":1274,"href":"https:\/\/blog.dgformacion.com\/index.php?rest_route=\/wp\/v2\/posts\/1269\/revisions\/1274"}],"wp:featuredmedia":[{"embeddable":true,"href":"https:\/\/blog.dgformacion.com\/index.php?rest_route=\/wp\/v2\/media\/1313"}],"wp:attachment":[{"href":"https:\/\/blog.dgformacion.com\/index.php?rest_route=%2Fwp%2Fv2%2Fmedia&parent=1269"}],"wp:term":[{"taxonomy":"category","embeddable":true,"href":"https:\/\/blog.dgformacion.com\/index.php?rest_route=%2Fwp%2Fv2%2Fcategories&post=1269"},{"taxonomy":"post_tag","embeddable":true,"href":"https:\/\/blog.dgformacion.com\/index.php?rest_route=%2Fwp%2Fv2%2Ftags&post=1269"}],"curies":[{"name":"wp","href":"https:\/\/api.w.org\/{rel}","templated":true}]}}