{"id":1304,"date":"2025-12-09T12:05:59","date_gmt":"2025-12-09T11:05:59","guid":{"rendered":"https:\/\/blog.dgformacion.com\/?p=1304"},"modified":"2025-12-09T12:06:01","modified_gmt":"2025-12-09T11:06:01","slug":"congreso-de-cecap-castilla-y-leon-2025-de-cecap-4-de-diciembre-2025","status":"publish","type":"post","link":"https:\/\/blog.dgformacion.com\/?p=1304","title":{"rendered":"Congreso de CECAP Castilla y Le\u00f3n 2025, de CECAP &#8211; 4 de diciembre, 2025"},"content":{"rendered":"\n<p>En DGf, nos sentimos muy orgullosos de haber participado en la jornada <strong>El valor de la formaci\u00f3n en Castilla y Le\u00f3n<\/strong>, organizada por CEOE Valladolid. Para una empresa como la nuestra \u2014dedicada a la distribuci\u00f3n de contenido y plataformas e\u2011learning\u2014 este tipo de iniciativas representan una oportunidad clave para impulsar una formaci\u00f3n de calidad, moderna y alineada con las necesidades reales del mercado. Estamos convencidos de que la formaci\u00f3n no solo transforma carreras, sino que tambi\u00e9n fortalece el tejido profesional y econ\u00f3mico de la regi\u00f3n.<\/p>\n\n\n\n<p>Durante el evento, tuvimos la ocasi\u00f3n de conocer de primera mano las visiones compartidas por representantes institucionales y del sector formativo, as\u00ed como las estrategias de futuro para la formaci\u00f3n profesional y la FP Dual. Estas conversaciones refuerzan nuestro compromiso de seguir aportando soluciones e\u2011learning innovadoras, adaptadas a las demandas emergentes de profesionales y empresas. Gracias a espacios como este, seguimos inspirados para acompa\u00f1ar a nuestra comunidad hacia un aprendizaje m\u00e1s accesible, efectivo y conectado con las oportunidades reales.<\/p>\n\n\n\n<div class=\"wp-block-jetpack-slideshow aligncenter\" data-effect=\"slide\"><div class=\"wp-block-jetpack-slideshow_container swiper-container\"><ul class=\"wp-block-jetpack-slideshow_swiper-wrapper swiper-wrapper\"><li class=\"wp-block-jetpack-slideshow_slide swiper-slide\"><figure><img loading=\"lazy\" decoding=\"async\" width=\"1024\" height=\"768\" alt=\"\" class=\"wp-block-jetpack-slideshow_image wp-image-1305\" data-id=\"1305\" src=\"https:\/\/blog.dgformacion.com\/wp-content\/uploads\/2025\/12\/cecap-valladolid-3-1024x768.jpg\" srcset=\"https:\/\/blog.dgformacion.com\/wp-content\/uploads\/2025\/12\/cecap-valladolid-3-1024x768.jpg 1024w, https:\/\/blog.dgformacion.com\/wp-content\/uploads\/2025\/12\/cecap-valladolid-3-300x225.jpg 300w, https:\/\/blog.dgformacion.com\/wp-content\/uploads\/2025\/12\/cecap-valladolid-3-768x576.jpg 768w, https:\/\/blog.dgformacion.com\/wp-content\/uploads\/2025\/12\/cecap-valladolid-3.jpg 1177w\" sizes=\"(max-width: 1024px) 100vw, 1024px\" \/><\/figure><\/li><li class=\"wp-block-jetpack-slideshow_slide swiper-slide\"><figure><img loading=\"lazy\" decoding=\"async\" width=\"1024\" height=\"768\" alt=\"\" class=\"wp-block-jetpack-slideshow_image wp-image-1306\" data-id=\"1306\" src=\"https:\/\/blog.dgformacion.com\/wp-content\/uploads\/2025\/12\/cecap-valladolid-2-1024x768.jpg\" srcset=\"https:\/\/blog.dgformacion.com\/wp-content\/uploads\/2025\/12\/cecap-valladolid-2-1024x768.jpg 1024w, https:\/\/blog.dgformacion.com\/wp-content\/uploads\/2025\/12\/cecap-valladolid-2-300x225.jpg 300w, https:\/\/blog.dgformacion.com\/wp-content\/uploads\/2025\/12\/cecap-valladolid-2-768x576.jpg 768w, https:\/\/blog.dgformacion.com\/wp-content\/uploads\/2025\/12\/cecap-valladolid-2-1536x1152.jpg 1536w, https:\/\/blog.dgformacion.com\/wp-content\/uploads\/2025\/12\/cecap-valladolid-2.jpg 2048w\" sizes=\"(max-width: 1024px) 100vw, 1024px\" \/><\/figure><\/li><li class=\"wp-block-jetpack-slideshow_slide swiper-slide\"><figure><img loading=\"lazy\" decoding=\"async\" width=\"1024\" height=\"768\" alt=\"\" class=\"wp-block-jetpack-slideshow_image wp-image-1307\" data-id=\"1307\" src=\"https:\/\/blog.dgformacion.com\/wp-content\/uploads\/2025\/12\/cecap-valladolis-1-1024x768.jpg\" srcset=\"https:\/\/blog.dgformacion.com\/wp-content\/uploads\/2025\/12\/cecap-valladolis-1-1024x768.jpg 1024w, https:\/\/blog.dgformacion.com\/wp-content\/uploads\/2025\/12\/cecap-valladolis-1-300x225.jpg 300w, https:\/\/blog.dgformacion.com\/wp-content\/uploads\/2025\/12\/cecap-valladolis-1-768x576.jpg 768w, https:\/\/blog.dgformacion.com\/wp-content\/uploads\/2025\/12\/cecap-valladolis-1-1536x1152.jpg 1536w, https:\/\/blog.dgformacion.com\/wp-content\/uploads\/2025\/12\/cecap-valladolis-1.jpg 2048w\" sizes=\"(max-width: 1024px) 100vw, 1024px\" \/><\/figure><\/li><\/ul><a class=\"wp-block-jetpack-slideshow_button-prev swiper-button-prev swiper-button-white\" role=\"button\"><\/a><a class=\"wp-block-jetpack-slideshow_button-next swiper-button-next swiper-button-white\" role=\"button\"><\/a><a aria-label=\"Pause Slideshow\" class=\"wp-block-jetpack-slideshow_button-pause\" role=\"button\"><\/a><div class=\"wp-block-jetpack-slideshow_pagination swiper-pagination swiper-pagination-white\"><\/div><\/div><\/div>\n\n\n\n<p>\u00a1Hasta la pr\u00f3xima!<\/p>\n","protected":false},"excerpt":{"rendered":"<p>En DGf, nos sentimos muy orgullosos de haber participado en la jornada El valor de la formaci\u00f3n en Castilla y Le\u00f3n, organizada por CEOE Valladolid. Para una empresa como la nuestra \u2014dedicada a la distribuci\u00f3n de contenido y plataformas e\u2011learning\u2014 este tipo de iniciativas representan una oportunidad clave para impulsar una formaci\u00f3n de calidad, moderna &hellip;<\/p>\n","protected":false},"author":2,"featured_media":1308,"comment_status":"closed","ping_status":"open","sticky":false,"template":"","format":"standard","meta":{"footnotes":"","_jetpack_memberships_contains_paid_content":false},"categories":[3],"tags":[97,133,106,105,51,53,76,50,43,116,145,23,33,132,159,121,114,21,55,117,194,193,19,192,38,196,131,32,28,20,22,107,197,177,37,198,112],"jetpack_sharing_enabled":true,"jetpack_featured_media_url":"https:\/\/blog.dgformacion.com\/wp-content\/uploads\/2025\/12\/cecap-castilla-y-leon-2025.png","_links":{"self":[{"href":"https:\/\/blog.dgformacion.com\/index.php?rest_route=\/wp\/v2\/posts\/1304"}],"collection":[{"href":"https:\/\/blog.dgformacion.com\/index.php?rest_route=\/wp\/v2\/posts"}],"about":[{"href":"https:\/\/blog.dgformacion.com\/index.php?rest_route=\/wp\/v2\/types\/post"}],"author":[{"embeddable":true,"href":"https:\/\/blog.dgformacion.com\/index.php?rest_route=\/wp\/v2\/users\/2"}],"replies":[{"embeddable":true,"href":"https:\/\/blog.dgformacion.com\/index.php?rest_route=%2Fwp%2Fv2%2Fcomments&post=1304"}],"version-history":[{"count":1,"href":"https:\/\/blog.dgformacion.com\/index.php?rest_route=\/wp\/v2\/posts\/1304\/revisions"}],"predecessor-version":[{"id":1309,"href":"https:\/\/blog.dgformacion.com\/index.php?rest_route=\/wp\/v2\/posts\/1304\/revisions\/1309"}],"wp:featuredmedia":[{"embeddable":true,"href":"https:\/\/blog.dgformacion.com\/index.php?rest_route=\/wp\/v2\/media\/1308"}],"wp:attachment":[{"href":"https:\/\/blog.dgformacion.com\/index.php?rest_route=%2Fwp%2Fv2%2Fmedia&parent=1304"}],"wp:term":[{"taxonomy":"category","embeddable":true,"href":"https:\/\/blog.dgformacion.com\/index.php?rest_route=%2Fwp%2Fv2%2Fcategories&post=1304"},{"taxonomy":"post_tag","embeddable":true,"href":"https:\/\/blog.dgformacion.com\/index.php?rest_route=%2Fwp%2Fv2%2Ftags&post=1304"}],"curies":[{"name":"wp","href":"https:\/\/api.w.org\/{rel}","templated":true}]}}