{"id":1337,"date":"2026-01-09T12:32:48","date_gmt":"2026-01-09T11:32:48","guid":{"rendered":"https:\/\/blog.dgformacion.com\/?p=1337"},"modified":"2026-01-09T12:36:22","modified_gmt":"2026-01-09T11:36:22","slug":"programa-galicia-suma-talento-galicia-2026","status":"publish","type":"post","link":"https:\/\/blog.dgformacion.com\/?p=1337","title":{"rendered":"Programa Galicia Suma Talento &#8211; Galicia, 2026."},"content":{"rendered":"\n<p>La Xunta de Galicia ha abierto una nueva convocatoria de subvenciones dirigida a financiar acciones formativas con compromiso de contrataci\u00f3n para personas desempleadas. Estas ayudas est\u00e1n orientadas a que empresas, centros de formaci\u00f3n y otras entidades desarrollen formaciones vinculadas a la contrataci\u00f3n, fomentando la cualificaci\u00f3n profesional y la inserci\u00f3n laboral en la comunidad.<\/p>\n\n\n\n<p class=\"has-text-align-center\">   <strong>DESTINATARIOS<\/strong><br>> Empresas (cualquier forma jur\u00eddica)<br>> Agrupaciones temporales de empresas<br>> Cl\u00fasters y asociaciones empresariales<br>> Entidades de formaci\u00f3n acreditadas o centros inscritos para impartir formaci\u00f3n profesional para el empleo en Galicia<\/p>\n\n\n\n<p class=\"has-text-align-center\"><strong>PRESUPUESTO DISPONIBLE<br><\/strong>8.500.000 \u20ac<br>(8.000.000 \u20ac para 2026 y 500.000 \u20ac para 2027).<\/p>\n\n\n\n<p class=\"has-text-align-center\"><strong>PLAZO DE LA SOLICITUD<\/strong><br>Hasta el d\u00eda 01\/12\/2026.<\/p>\n\n\n\n<p class=\"has-text-align-center\"><strong>MODALIDAD DE IMPARTICI\u00d3N<\/strong><br>Las acciones formativas deber\u00e1n desarrollarse <strong>mayoritariamente de forma presencial<\/strong>. No obstante, la convocatoria contempla la posibilidad de utilizar <strong>aula virtual<\/strong> cuando as\u00ed se autorice expresamente, y permite que determinados contenidos de car\u00e1cter transversal puedan impartirse <strong>en modalidad de teleformaci\u00f3n<\/strong>, siempre que se cumplan los requisitos establecidos.<\/p>\n\n\n\n<p class=\"has-text-align-center\"><strong>CATEGOR\u00cdA<\/strong><br>Acciones formativas dirigidas a <strong>personas desempleadas<\/strong>, con <strong>compromiso de contrataci\u00f3n<\/strong>, en sectores y especialidades incluidas en: Cat\u00e1logo de Especialidades Formativas y el Sistema de Formaci\u00f3n Profesional (Grados A, B y C).<\/p>\n\n\n\n<p>Para m\u00e1s informaci\u00f3n, visital el siguiente enlace:<\/p>\n\n\n\n<div class=\"wp-block-buttons is-content-justification-center is-layout-flex wp-container-core-buttons-layout-1 wp-block-buttons-is-layout-flex\">\n<div class=\"wp-block-button\"><a class=\"wp-block-button__link has-white-color has-text-color has-link-color wp-element-button\" href=\"https:\/\/www.infosubvenciones.es\/bdnstrans\/GE\/es\/convocatorias\/878312\" target=\"_blank\" rel=\"noreferrer noopener\">Ver convocatoria<\/a><\/div>\n<\/div>\n\n\n\n<p><\/p>\n\n\n\n<p class=\"has-text-align-center\" style=\"font-size:24px\">Echa un vistazo a nuestro cat\u00e1logo completo&nbsp;<a href=\"https:\/\/dgformacion.com\/categoria-curso\/contenido-en-formato-digital\/certificados-de-profesionalidad\/\" target=\"_blank\" rel=\"noreferrer noopener\">pinchando aqu\u00ed<\/a>.<\/p>\n\n\n\n<p class=\"has-text-align-center\">Contacta con nosotros a trav\u00e9s del 914 32 02 02, o info@dgformacion.com.<\/p>\n","protected":false},"excerpt":{"rendered":"<p>La Xunta de Galicia ha abierto una nueva convocatoria de subvenciones dirigida a financiar acciones formativas con compromiso de contrataci\u00f3n para personas desempleadas. Estas ayudas est\u00e1n orientadas a que empresas, centros de formaci\u00f3n y otras entidades desarrollen formaciones vinculadas a la contrataci\u00f3n, fomentando la cualificaci\u00f3n profesional y la inserci\u00f3n laboral en la comunidad. DESTINATARIOS> Empresas &hellip;<\/p>\n","protected":false},"author":2,"featured_media":1338,"comment_status":"closed","ping_status":"open","sticky":false,"template":"","format":"standard","meta":{"footnotes":"","_jetpack_memberships_contains_paid_content":false},"categories":[4],"tags":[123,91,104,122,31,64,78,90,7,99,167,19,169,89,79,127,126,124,125,118,93,66,65,74,119,107,67,170,75],"jetpack_sharing_enabled":true,"jetpack_featured_media_url":"https:\/\/blog.dgformacion.com\/wp-content\/uploads\/2026\/01\/galicia-suma-talento-ocupados-2026.png","_links":{"self":[{"href":"https:\/\/blog.dgformacion.com\/index.php?rest_route=\/wp\/v2\/posts\/1337"}],"collection":[{"href":"https:\/\/blog.dgformacion.com\/index.php?rest_route=\/wp\/v2\/posts"}],"about":[{"href":"https:\/\/blog.dgformacion.com\/index.php?rest_route=\/wp\/v2\/types\/post"}],"author":[{"embeddable":true,"href":"https:\/\/blog.dgformacion.com\/index.php?rest_route=\/wp\/v2\/users\/2"}],"replies":[{"embeddable":true,"href":"https:\/\/blog.dgformacion.com\/index.php?rest_route=%2Fwp%2Fv2%2Fcomments&post=1337"}],"version-history":[{"count":2,"href":"https:\/\/blog.dgformacion.com\/index.php?rest_route=\/wp\/v2\/posts\/1337\/revisions"}],"predecessor-version":[{"id":1341,"href":"https:\/\/blog.dgformacion.com\/index.php?rest_route=\/wp\/v2\/posts\/1337\/revisions\/1341"}],"wp:featuredmedia":[{"embeddable":true,"href":"https:\/\/blog.dgformacion.com\/index.php?rest_route=\/wp\/v2\/media\/1338"}],"wp:attachment":[{"href":"https:\/\/blog.dgformacion.com\/index.php?rest_route=%2Fwp%2Fv2%2Fmedia&parent=1337"}],"wp:term":[{"taxonomy":"category","embeddable":true,"href":"https:\/\/blog.dgformacion.com\/index.php?rest_route=%2Fwp%2Fv2%2Fcategories&post=1337"},{"taxonomy":"post_tag","embeddable":true,"href":"https:\/\/blog.dgformacion.com\/index.php?rest_route=%2Fwp%2Fv2%2Ftags&post=1337"}],"curies":[{"name":"wp","href":"https:\/\/api.w.org\/{rel}","templated":true}]}}