{"id":1342,"date":"2026-01-19T09:45:45","date_gmt":"2026-01-19T08:45:45","guid":{"rendered":"https:\/\/blog.dgformacion.com\/?p=1342"},"modified":"2026-01-19T09:44:25","modified_gmt":"2026-01-19T08:44:25","slug":"programa-sexpe-para-desempleados-extremadura-2026","status":"publish","type":"post","link":"https:\/\/blog.dgformacion.com\/?p=1342","title":{"rendered":"Programa SEXPE para desempleados &#8211; Extremadura, 2026."},"content":{"rendered":"\n<p>Esta convocatoria tiene como objetivo impulsar acciones formativas dirigidas principalmente a personas desempleadas, mediante programas de formaci\u00f3n profesional en modalidad de teleformaci\u00f3n. Las entidades beneficiarias deber\u00e1n garantizar tanto la calidad de la formaci\u00f3n virtual como el apoyo presencial necesario para tutor\u00edas y evaluaciones finales.<\/p>\n\n\n\n<p class=\"has-text-align-center\">   <strong>DESTINATARIOS<\/strong><br>Las entidades deber\u00e1n estar debidamente registradas o acreditadas para impartir formaci\u00f3n en modalidad virtual (teleformaci\u00f3n) en el registro oficial correspondiente en el momento de la publicaci\u00f3n. Asimismo, deber\u00e1n disponer de instalaciones presenciales en la Comunidad Aut\u00f3noma de Extremadura para la realizaci\u00f3n de tutor\u00edas y evaluaciones finales, y cumplir con sus obligaciones fiscales y con la Seguridad Social.<\/p>\n\n\n\n<p class=\"has-text-align-center\"><strong>PRESUPUESTO DISPONIBLE<br><\/strong>5.012.000 \u20ac<\/p>\n\n\n\n<p class=\"has-text-align-center\"><strong>PLAZO DE LA SOLICITUD<\/strong><br>15 d\u00edas h\u00e1biles a contar desde el d\u00eda siguiente a la publicaci\u00f3n en el Diario Oficial de Extremadura (DOE) (Publicada el 16\/01\/26).<\/p>\n\n\n\n<p class=\"has-text-align-center\"><strong>MODALIDAD DE IMPARTICI\u00d3N<\/strong><br>Modalidad virtual (teleformaci\u00f3n), con interacci\u00f3n did\u00e1ctica s\u00edncrona y as\u00edncrona obligatoria.<br>Incluye asistencia presencial obligatoria para tutor\u00edas y pruebas finales de evaluaci\u00f3n.<\/p>\n\n\n\n<p class=\"has-text-align-center\"><strong>CATEGOR\u00cdA<\/strong><br>Grado C: Certificados profesionales completos con formaci\u00f3n en empresa.<br>Grado B: Certificados de competencia de m\u00f3dulos espec\u00edficos.<br>Especialidades de competencias clave para el acceso a niveles 2 y 3.<\/p>\n\n\n\n<p>Para m\u00e1s informaci\u00f3n, visital el siguiente enlace:<\/p>\n\n\n\n<div class=\"wp-block-buttons is-content-justification-center is-layout-flex wp-container-core-buttons-layout-1 wp-block-buttons-is-layout-flex\">\n<div class=\"wp-block-button\"><a class=\"wp-block-button__link has-white-color has-text-color has-link-color wp-element-button\" href=\"https:\/\/www.infosubvenciones.es\/bdnstrans\/GE\/es\/convocatorias\/880543\" target=\"_blank\" rel=\"noreferrer noopener\">Ver convocatoria<\/a><\/div>\n<\/div>\n\n\n\n<p><\/p>\n\n\n\n<p class=\"has-text-align-center\" style=\"font-size:24px\">Echa un vistazo a nuestro cat\u00e1logo completo&nbsp;<a href=\"https:\/\/dgformacion.com\/categoria-curso\/contenido-en-formato-digital\/certificados-de-profesionalidad\/\" target=\"_blank\" rel=\"noreferrer noopener\">pinchando aqu\u00ed<\/a>.<\/p>\n\n\n\n<p class=\"has-text-align-center\">Contacta con nosotros a trav\u00e9s del 914 32 02 02, o info@dgformacion.com.<\/p>\n","protected":false},"excerpt":{"rendered":"<p>Esta convocatoria tiene como objetivo impulsar acciones formativas dirigidas principalmente a personas desempleadas, mediante programas de formaci\u00f3n profesional en modalidad de teleformaci\u00f3n. Las entidades beneficiarias deber\u00e1n garantizar tanto la calidad de la formaci\u00f3n virtual como el apoyo presencial necesario para tutor\u00edas y evaluaciones finales. DESTINATARIOSLas entidades deber\u00e1n estar debidamente registradas o acreditadas para impartir formaci\u00f3n &hellip;<\/p>\n","protected":false},"author":2,"featured_media":1344,"comment_status":"closed","ping_status":"open","sticky":false,"template":"","format":"standard","meta":{"footnotes":"","_jetpack_memberships_contains_paid_content":false},"categories":[4],"tags":[123,91,104,122,31,64,78,90,7,99,178,167,19,169,89,127,126,124,125,118,93,66,65,74,119,201,107,67,170,75],"jetpack_sharing_enabled":true,"jetpack_featured_media_url":"https:\/\/blog.dgformacion.com\/wp-content\/uploads\/2026\/01\/extremadura-sexpe-desempleados.png","_links":{"self":[{"href":"https:\/\/blog.dgformacion.com\/index.php?rest_route=\/wp\/v2\/posts\/1342"}],"collection":[{"href":"https:\/\/blog.dgformacion.com\/index.php?rest_route=\/wp\/v2\/posts"}],"about":[{"href":"https:\/\/blog.dgformacion.com\/index.php?rest_route=\/wp\/v2\/types\/post"}],"author":[{"embeddable":true,"href":"https:\/\/blog.dgformacion.com\/index.php?rest_route=\/wp\/v2\/users\/2"}],"replies":[{"embeddable":true,"href":"https:\/\/blog.dgformacion.com\/index.php?rest_route=%2Fwp%2Fv2%2Fcomments&post=1342"}],"version-history":[{"count":3,"href":"https:\/\/blog.dgformacion.com\/index.php?rest_route=\/wp\/v2\/posts\/1342\/revisions"}],"predecessor-version":[{"id":1367,"href":"https:\/\/blog.dgformacion.com\/index.php?rest_route=\/wp\/v2\/posts\/1342\/revisions\/1367"}],"wp:featuredmedia":[{"embeddable":true,"href":"https:\/\/blog.dgformacion.com\/index.php?rest_route=\/wp\/v2\/media\/1344"}],"wp:attachment":[{"href":"https:\/\/blog.dgformacion.com\/index.php?rest_route=%2Fwp%2Fv2%2Fmedia&parent=1342"}],"wp:term":[{"taxonomy":"category","embeddable":true,"href":"https:\/\/blog.dgformacion.com\/index.php?rest_route=%2Fwp%2Fv2%2Fcategories&post=1342"},{"taxonomy":"post_tag","embeddable":true,"href":"https:\/\/blog.dgformacion.com\/index.php?rest_route=%2Fwp%2Fv2%2Ftags&post=1342"}],"curies":[{"name":"wp","href":"https:\/\/api.w.org\/{rel}","templated":true}]}}