{"id":1345,"date":"2026-01-19T09:43:15","date_gmt":"2026-01-19T08:43:15","guid":{"rendered":"https:\/\/blog.dgformacion.com\/?p=1345"},"modified":"2026-01-19T10:15:00","modified_gmt":"2026-01-19T09:15:00","slug":"programa-pro-in-aragon-2026","status":"publish","type":"post","link":"https:\/\/blog.dgformacion.com\/?p=1345","title":{"rendered":"Programa PRO-IN &#8211; Arag\u00f3n, 2026."},"content":{"rendered":"\n<p>Esta convocatoria apoya la puesta en marcha de programas de formaci\u00f3n orientados a mejorar la cualificaci\u00f3n profesional en sectores clave de la econom\u00eda. Las acciones podr\u00e1n desarrollarse tanto de manera presencial como online, ofreciendo flexibilidad a las entidades participantes y al alumnado.<\/p>\n\n\n\n<p class=\"has-text-align-center\">   <strong>DESTINATARIOS<\/strong><br>Podr\u00e1n presentar solicitud las entidades de formaci\u00f3n que cuenten con centros reconocidos oficialmente, ya sea en el \u00e1mbito auton\u00f3mico de Arag\u00f3n o a nivel estatal, siempre que dispongan de espacios formativos ubicados dentro de la comunidad.<br>Adem\u00e1s, las entidades deber\u00e1n cumplir con todos los requisitos legales y administrativos, incluyendo una situaci\u00f3n regularizada frente a las administraciones p\u00fablicas y la ausencia de sanciones por conductas discriminatorias.<\/p>\n\n\n\n<p class=\"has-text-align-center\"><strong>PRESUPUESTO DISPONIBLE<br><\/strong>1.500.000 \u20ac<\/p>\n\n\n\n<p class=\"has-text-align-center\"><strong>PLAZO DE LA SOLICITUD<\/strong><br>Hasta el d\u00eda 13\/03\/2026.<\/p>\n\n\n\n<p class=\"has-text-align-center\"><strong>MODALIDAD DE IMPARTICI\u00d3N<\/strong><br>Las acciones formativas podr\u00e1n impartirse de forma presencial o mediante teleformaci\u00f3n.<br>Se permite el uso de aulas virtuales como recurso de apoyo, siempre en modalidad s\u00edncrona.<\/p>\n\n\n\n<p class=\"has-text-align-center\"><strong>CATEGOR\u00cdA<\/strong><br>Programas formativos compuestos por varias especialidades (hasta un m\u00e1ximo de ocho por solicitud), vinculadas a \u00e1mbitos como la producci\u00f3n industrial, las tecnolog\u00edas de la informaci\u00f3n y la comunicaci\u00f3n o el transporte de mercanc\u00edas.<\/p>\n\n\n\n<p>Para m\u00e1s informaci\u00f3n, visital el siguiente enlace:<\/p>\n\n\n\n<div class=\"wp-block-buttons is-content-justification-center is-layout-flex wp-container-core-buttons-layout-1 wp-block-buttons-is-layout-flex\">\n<div class=\"wp-block-button\"><a class=\"wp-block-button__link has-white-color has-text-color has-link-color wp-element-button\" href=\"https:\/\/www.infosubvenciones.es\/bdnstrans\/GE\/es\/convocatorias\/878928\" target=\"_blank\" rel=\"noreferrer noopener\">Ver convocatoria<\/a><\/div>\n<\/div>\n\n\n\n<p><\/p>\n\n\n\n<p class=\"has-text-align-center\" style=\"font-size:24px\">Echa un vistazo a nuestro cat\u00e1logo completo&nbsp;<a href=\"https:\/\/dgformacion.com\/categoria-curso\/contenido-en-formato-digital\/certificados-de-profesionalidad\/\" target=\"_blank\" rel=\"noreferrer noopener\">pinchando aqu\u00ed<\/a>.<\/p>\n\n\n\n<p class=\"has-text-align-center\">Contacta con nosotros a trav\u00e9s del 914 32 02 02, o info@dgformacion.com.<\/p>\n","protected":false},"excerpt":{"rendered":"<p>Esta convocatoria apoya la puesta en marcha de programas de formaci\u00f3n orientados a mejorar la cualificaci\u00f3n profesional en sectores clave de la econom\u00eda. Las acciones podr\u00e1n desarrollarse tanto de manera presencial como online, ofreciendo flexibilidad a las entidades participantes y al alumnado. DESTINATARIOSPodr\u00e1n presentar solicitud las entidades de formaci\u00f3n que cuenten con centros reconocidos oficialmente, &hellip;<\/p>\n","protected":false},"author":2,"featured_media":1351,"comment_status":"closed","ping_status":"open","sticky":false,"template":"","format":"standard","meta":{"footnotes":"","_jetpack_memberships_contains_paid_content":false},"categories":[4],"tags":[123,108,109,91,104,122,31,64,78,90,7,99,167,19,169,89,127,126,124,125,118,93,66,202,203,65,74,119,107,67,170,75],"jetpack_sharing_enabled":true,"jetpack_featured_media_url":"https:\/\/blog.dgformacion.com\/wp-content\/uploads\/2026\/01\/programa-pro-in-proin-aragon.png","_links":{"self":[{"href":"https:\/\/blog.dgformacion.com\/index.php?rest_route=\/wp\/v2\/posts\/1345"}],"collection":[{"href":"https:\/\/blog.dgformacion.com\/index.php?rest_route=\/wp\/v2\/posts"}],"about":[{"href":"https:\/\/blog.dgformacion.com\/index.php?rest_route=\/wp\/v2\/types\/post"}],"author":[{"embeddable":true,"href":"https:\/\/blog.dgformacion.com\/index.php?rest_route=\/wp\/v2\/users\/2"}],"replies":[{"embeddable":true,"href":"https:\/\/blog.dgformacion.com\/index.php?rest_route=%2Fwp%2Fv2%2Fcomments&post=1345"}],"version-history":[{"count":4,"href":"https:\/\/blog.dgformacion.com\/index.php?rest_route=\/wp\/v2\/posts\/1345\/revisions"}],"predecessor-version":[{"id":1373,"href":"https:\/\/blog.dgformacion.com\/index.php?rest_route=\/wp\/v2\/posts\/1345\/revisions\/1373"}],"wp:featuredmedia":[{"embeddable":true,"href":"https:\/\/blog.dgformacion.com\/index.php?rest_route=\/wp\/v2\/media\/1351"}],"wp:attachment":[{"href":"https:\/\/blog.dgformacion.com\/index.php?rest_route=%2Fwp%2Fv2%2Fmedia&parent=1345"}],"wp:term":[{"taxonomy":"category","embeddable":true,"href":"https:\/\/blog.dgformacion.com\/index.php?rest_route=%2Fwp%2Fv2%2Fcategories&post=1345"},{"taxonomy":"post_tag","embeddable":true,"href":"https:\/\/blog.dgformacion.com\/index.php?rest_route=%2Fwp%2Fv2%2Ftags&post=1345"}],"curies":[{"name":"wp","href":"https:\/\/api.w.org\/{rel}","templated":true}]}}