{"id":1354,"date":"2026-01-19T13:52:01","date_gmt":"2026-01-19T12:52:01","guid":{"rendered":"https:\/\/blog.dgformacion.com\/?p=1354"},"modified":"2026-01-19T13:55:06","modified_gmt":"2026-01-19T12:55:06","slug":"programa-integral-plus-desempleados-cataluna-2026","status":"publish","type":"post","link":"https:\/\/blog.dgformacion.com\/?p=1354","title":{"rendered":"Programa Integral Plus: desempleados &#8211; Catalu\u00f1a, 2026."},"content":{"rendered":"\n<p>Esta convocatoria pone a disposici\u00f3n de entidades p\u00fablicas y privadas recursos para desarrollar iniciativas formativas adaptadas a distintas necesidades del mercado laboral. El objetivo es fomentar la capacitaci\u00f3n profesional a trav\u00e9s de acciones flexibles, impartidas tanto de manera presencial como online.<\/p>\n\n\n\n<p class=\"has-text-align-center\">   <strong>DESTINATARIOS<\/strong><br>Podr\u00e1n participar dos tipos de solicitantes, seg\u00fan la l\u00ednea de actuaci\u00f3n:<\/p>\n\n\n\n<ul>\n<li>L\u00ednea 1 (Promotoras): Entidades locales que cumplan los criterios poblacionales establecidos, as\u00ed como organizaciones empresariales y sindicales.<\/li>\n\n\n\n<li>L\u00ednea 2 (Contratantes): Empresas, personas trabajadoras aut\u00f3nomas, sociedades civiles de car\u00e1cter privado y entidades sin \u00e1nimo de lucro.<br><br>Todas las entidades deber\u00e1n acreditar una situaci\u00f3n administrativa regular, cumplir con la normativa sobre inclusi\u00f3n de personas con discapacidad, disponer de medidas frente al acoso sexual y no haber superado el l\u00edmite de ayudas de minimis fijado para los \u00faltimos tres ejercicios.<\/li>\n<\/ul>\n\n\n\n<p class=\"has-text-align-center\"><strong>PRESUPUESTO DISPONIBLE<br><\/strong>25.000.000 \u20ac<\/p>\n\n\n\n<p class=\"has-text-align-center\"><strong>PLAZO DE LA SOLICITUD<\/strong><br>Hasta el d\u00eda 01\/09\/2026.<\/p>\n\n\n\n<p class=\"has-text-align-center\"><strong>MODALIDAD DE IMPARTICI\u00d3N<\/strong><br>Las acciones formativas podr\u00e1n desarrollarse de forma presencial o a distancia mediante el uso de herramientas digitales, siempre que cuenten con la correspondiente autorizaci\u00f3n.<\/p>\n\n\n\n<p class=\"has-text-align-center\"><strong>CATEGOR\u00cdA<\/strong><br>Especialidades formativas incluidas en el Cat\u00e1logo de especialidades formativas, no vinculadas a la obtenci\u00f3n de certificados profesionales.<\/p>\n\n\n\n<p>Para m\u00e1s informaci\u00f3n, visital el siguiente enlace:<\/p>\n\n\n\n<div class=\"wp-block-buttons is-content-justification-center is-layout-flex wp-container-core-buttons-layout-1 wp-block-buttons-is-layout-flex\">\n<div class=\"wp-block-button\"><a class=\"wp-block-button__link has-white-color has-text-color has-link-color wp-element-button\" href=\"https:\/\/www.infosubvenciones.es\/bdnstrans\/GE\/es\/convocatorias\/877402\" target=\"_blank\" rel=\"noreferrer noopener\">Ver convocatoria<\/a><\/div>\n<\/div>\n\n\n\n<p><\/p>\n\n\n\n<p class=\"has-text-align-center\" style=\"font-size:24px\">Echa un vistazo a nuestro cat\u00e1logo completo&nbsp;<a href=\"https:\/\/dgformacion.com\/categoria-curso\/contenido-en-formato-digital\/certificados-de-profesionalidad\/\" target=\"_blank\" rel=\"noreferrer noopener\">pinchando aqu\u00ed<\/a>.<\/p>\n\n\n\n<p class=\"has-text-align-center\">Contacta con nosotros a trav\u00e9s del 914 32 02 02, o info@dgformacion.com.<\/p>\n","protected":false},"excerpt":{"rendered":"<p>Esta convocatoria pone a disposici\u00f3n de entidades p\u00fablicas y privadas recursos para desarrollar iniciativas formativas adaptadas a distintas necesidades del mercado laboral. El objetivo es fomentar la capacitaci\u00f3n profesional a trav\u00e9s de acciones flexibles, impartidas tanto de manera presencial como online. DESTINATARIOSPodr\u00e1n participar dos tipos de solicitantes, seg\u00fan la l\u00ednea de actuaci\u00f3n: L\u00ednea 1 (Promotoras): &hellip;<\/p>\n","protected":false},"author":2,"featured_media":1355,"comment_status":"closed","ping_status":"open","sticky":false,"template":"","format":"standard","meta":{"footnotes":"","_jetpack_memberships_contains_paid_content":false},"categories":[4],"tags":[123,146,172,91,104,122,31,64,78,90,7,99,167,19,169,89,204,127,126,124,125,118,93,66,65,74,119,107,67,170,75],"jetpack_sharing_enabled":true,"jetpack_featured_media_url":"https:\/\/blog.dgformacion.com\/wp-content\/uploads\/2026\/01\/integral-plus-desempleados-cataluna.png","_links":{"self":[{"href":"https:\/\/blog.dgformacion.com\/index.php?rest_route=\/wp\/v2\/posts\/1354"}],"collection":[{"href":"https:\/\/blog.dgformacion.com\/index.php?rest_route=\/wp\/v2\/posts"}],"about":[{"href":"https:\/\/blog.dgformacion.com\/index.php?rest_route=\/wp\/v2\/types\/post"}],"author":[{"embeddable":true,"href":"https:\/\/blog.dgformacion.com\/index.php?rest_route=\/wp\/v2\/users\/2"}],"replies":[{"embeddable":true,"href":"https:\/\/blog.dgformacion.com\/index.php?rest_route=%2Fwp%2Fv2%2Fcomments&post=1354"}],"version-history":[{"count":2,"href":"https:\/\/blog.dgformacion.com\/index.php?rest_route=\/wp\/v2\/posts\/1354\/revisions"}],"predecessor-version":[{"id":1374,"href":"https:\/\/blog.dgformacion.com\/index.php?rest_route=\/wp\/v2\/posts\/1354\/revisions\/1374"}],"wp:featuredmedia":[{"embeddable":true,"href":"https:\/\/blog.dgformacion.com\/index.php?rest_route=\/wp\/v2\/media\/1355"}],"wp:attachment":[{"href":"https:\/\/blog.dgformacion.com\/index.php?rest_route=%2Fwp%2Fv2%2Fmedia&parent=1354"}],"wp:term":[{"taxonomy":"category","embeddable":true,"href":"https:\/\/blog.dgformacion.com\/index.php?rest_route=%2Fwp%2Fv2%2Fcategories&post=1354"},{"taxonomy":"post_tag","embeddable":true,"href":"https:\/\/blog.dgformacion.com\/index.php?rest_route=%2Fwp%2Fv2%2Ftags&post=1354"}],"curies":[{"name":"wp","href":"https:\/\/api.w.org\/{rel}","templated":true}]}}