{"id":1357,"date":"2026-01-19T13:51:41","date_gmt":"2026-01-19T12:51:41","guid":{"rendered":"https:\/\/blog.dgformacion.com\/?p=1357"},"modified":"2026-01-19T13:54:57","modified_gmt":"2026-01-19T12:54:57","slug":"desempleados-con-compromiso-de-contratacion-navarra-2026","status":"publish","type":"post","link":"https:\/\/blog.dgformacion.com\/?p=1357","title":{"rendered":"Desempleados, con compromiso de contrataci\u00f3n &#8211; Navarra, 2026."},"content":{"rendered":"\n<p>El Servicio Navarro de Empleo impulsa una l\u00ednea de ayudas destinada a financiar proyectos formativos que incorporen un compromiso real de contrataci\u00f3n. La iniciativa est\u00e1 orientada principalmente a mejorar la inserci\u00f3n laboral de personas desempleadas en Navarra mediante acciones formativas adaptadas a las necesidades del tejido productivo.<\/p>\n\n\n\n<p class=\"has-text-align-center\">   <strong>DESTINATARIOS<\/strong><br>Las entidades solicitantes deber\u00e1n estar debidamente inscritas para impartir las especialidades solicitadas, contar con instalaciones registradas en Navarra, cumplir la normativa foral de subvenciones y no haber reducido su plantilla recientemente, salvo en los supuestos permitidos. Podr\u00e1n presentar solicitudes distintas tipolog\u00edas de entidades con actividad en Navarra:<\/p>\n\n\n\n<ul>\n<li>Empresas, asociaciones o entidades que dispongan de centros de trabajo en la comunidad y asuman la contrataci\u00f3n del alumnado.<\/li>\n\n\n\n<li>Entidades de formaci\u00f3n, tanto p\u00fablicas como privadas, siempre que colaboren con empresas que garanticen la contrataci\u00f3n.<\/li>\n\n\n\n<li>Agrupaciones formadas por cualquiera de las entidades anteriores.<\/li>\n<\/ul>\n\n\n\n<p class=\"has-text-align-center\"><strong>PRESUPUESTO DISPONIBLE<br><\/strong>750.000 \u20ac, con cargo al presupuesto vigente, con posibilidad de ampliaci\u00f3n de hasta 1.500.000 \u20ac adicionales si se incrementa la dotaci\u00f3n presupuestaria.<\/p>\n\n\n\n<p class=\"has-text-align-center\"><strong>PLAZO DE LA SOLICITUD<\/strong><br>Hasta el d\u00eda 15\/11\/2026.<\/p>\n\n\n\n<p class=\"has-text-align-center\"><strong>MODALIDAD DE IMPARTICI\u00d3N<\/strong><br>Las acciones formativas podr\u00e1n desarrollarse en formato presencial, online, mixto o bimodal, incorporando aulas virtuales que permitan la interacci\u00f3n en tiempo real.<\/p>\n\n\n\n<p class=\"has-text-align-center\"><strong>CATEGOR\u00cdA<\/strong><br>Especialidades formativas orientadas a: Formaci\u00f3n t\u00e9cnica; Capacitaci\u00f3n en transformaci\u00f3n digital, sostenibilidad e igualdad.<br>Todos los programas deber\u00e1n incluir un compromiso de contrataci\u00f3n de, al menos, el 40 % del alumnado que finalice la formaci\u00f3n con evaluaci\u00f3n positiva.<\/p>\n\n\n\n<p>Para m\u00e1s informaci\u00f3n, visital el siguiente enlace:<\/p>\n\n\n\n<div class=\"wp-block-buttons is-content-justification-center is-layout-flex wp-container-core-buttons-layout-1 wp-block-buttons-is-layout-flex\">\n<div class=\"wp-block-button\"><a class=\"wp-block-button__link has-white-color has-text-color has-link-color wp-element-button\" href=\"https:\/\/www.infosubvenciones.es\/bdnstrans\/GE\/es\/convocatorias\/877864\" target=\"_blank\" rel=\"noreferrer noopener\">Ver convocatoria<\/a><\/div>\n<\/div>\n\n\n\n<p><\/p>\n\n\n\n<p class=\"has-text-align-center\" style=\"font-size:24px\">Echa un vistazo a nuestro cat\u00e1logo completo&nbsp;<a href=\"https:\/\/dgformacion.com\/categoria-curso\/contenido-en-formato-digital\/certificados-de-profesionalidad\/\" target=\"_blank\" rel=\"noreferrer noopener\">pinchando aqu\u00ed<\/a>.<\/p>\n\n\n\n<p class=\"has-text-align-center\">Contacta con nosotros a trav\u00e9s del 914 32 02 02, o info@dgformacion.com.<\/p>\n","protected":false},"excerpt":{"rendered":"<p>El Servicio Navarro de Empleo impulsa una l\u00ednea de ayudas destinada a financiar proyectos formativos que incorporen un compromiso real de contrataci\u00f3n. La iniciativa est\u00e1 orientada principalmente a mejorar la inserci\u00f3n laboral de personas desempleadas en Navarra mediante acciones formativas adaptadas a las necesidades del tejido productivo. DESTINATARIOSLas entidades solicitantes deber\u00e1n estar debidamente inscritas para &hellip;<\/p>\n","protected":false},"author":2,"featured_media":1358,"comment_status":"closed","ping_status":"open","sticky":false,"template":"","format":"standard","meta":{"footnotes":"","_jetpack_memberships_contains_paid_content":false},"categories":[4],"tags":[123,91,104,122,31,64,78,90,7,99,167,19,169,89,79,127,126,124,125,118,93,66,65,74,119,107,67,170,75],"jetpack_sharing_enabled":true,"jetpack_featured_media_url":"https:\/\/blog.dgformacion.com\/wp-content\/uploads\/2026\/01\/desempleados-contratacion-navarra.png","_links":{"self":[{"href":"https:\/\/blog.dgformacion.com\/index.php?rest_route=\/wp\/v2\/posts\/1357"}],"collection":[{"href":"https:\/\/blog.dgformacion.com\/index.php?rest_route=\/wp\/v2\/posts"}],"about":[{"href":"https:\/\/blog.dgformacion.com\/index.php?rest_route=\/wp\/v2\/types\/post"}],"author":[{"embeddable":true,"href":"https:\/\/blog.dgformacion.com\/index.php?rest_route=\/wp\/v2\/users\/2"}],"replies":[{"embeddable":true,"href":"https:\/\/blog.dgformacion.com\/index.php?rest_route=%2Fwp%2Fv2%2Fcomments&post=1357"}],"version-history":[{"count":3,"href":"https:\/\/blog.dgformacion.com\/index.php?rest_route=\/wp\/v2\/posts\/1357\/revisions"}],"predecessor-version":[{"id":1376,"href":"https:\/\/blog.dgformacion.com\/index.php?rest_route=\/wp\/v2\/posts\/1357\/revisions\/1376"}],"wp:featuredmedia":[{"embeddable":true,"href":"https:\/\/blog.dgformacion.com\/index.php?rest_route=\/wp\/v2\/media\/1358"}],"wp:attachment":[{"href":"https:\/\/blog.dgformacion.com\/index.php?rest_route=%2Fwp%2Fv2%2Fmedia&parent=1357"}],"wp:term":[{"taxonomy":"category","embeddable":true,"href":"https:\/\/blog.dgformacion.com\/index.php?rest_route=%2Fwp%2Fv2%2Fcategories&post=1357"},{"taxonomy":"post_tag","embeddable":true,"href":"https:\/\/blog.dgformacion.com\/index.php?rest_route=%2Fwp%2Fv2%2Ftags&post=1357"}],"curies":[{"name":"wp","href":"https:\/\/api.w.org\/{rel}","templated":true}]}}