{"id":1360,"date":"2026-01-19T13:50:43","date_gmt":"2026-01-19T12:50:43","guid":{"rendered":"https:\/\/blog.dgformacion.com\/?p=1360"},"modified":"2026-01-19T13:54:44","modified_gmt":"2026-01-19T12:54:44","slug":"desempleados-con-compromiso-de-contratacion-cataluna-2026","status":"publish","type":"post","link":"https:\/\/blog.dgformacion.com\/?p=1360","title":{"rendered":"Desempleados, con compromiso de contrataci\u00f3n &#8211; Catalu\u00f1a, 2026."},"content":{"rendered":"\n<p>El Servicio P\u00fablico de Empleo de Catalu\u00f1a impulsa una nueva convocatoria destinada a financiar acciones formativas orientadas a mejorar la empleabilidad de personas en situaci\u00f3n de desempleo. Estas ayudas est\u00e1n vinculadas a un compromiso real de inserci\u00f3n laboral tras la finalizaci\u00f3n de la formaci\u00f3n.<\/p>\n\n\n\n<p class=\"has-text-align-center\">   <strong>DESTINATARIOS<\/strong><br>Podr\u00e1n optar a estas subvenciones las entidades de formaci\u00f3n y las empresas o asociaciones empresariales que est\u00e9n inscritas en los registros oficiales correspondientes. En funci\u00f3n del tipo de solicitante, se exige un porcentaje m\u00ednimo de inserci\u00f3n laboral al finalizar la formaci\u00f3n.<\/p>\n\n\n\n<p class=\"has-text-align-center\"><strong>PRESUPUESTO DISPONIBLE<br><\/strong>7.500.000 \u20ac<\/p>\n\n\n\n<p class=\"has-text-align-center\"><strong>PLAZO DE LA SOLICITUD<\/strong><br>Hasta el d\u00eda 30\/10\/2026.<\/p>\n\n\n\n<p class=\"has-text-align-center\"><strong>MODALIDAD DE IMPARTICI\u00d3N<\/strong><br>Las acciones formativas podr\u00e1n desarrollarse de manera presencial, en modalidad mixta o completamente online, en funci\u00f3n del dise\u00f1o del programa.<\/p>\n\n\n\n<p class=\"has-text-align-center\"><strong>CATEGOR\u00cdA<\/strong><br>Acciones formativas vinculadas a Certificados de Profesionalidad y especialidades formativas.<br>Se permite presentar tanto acciones individuales como itinerarios formativos, con un m\u00e1ximo de seis acciones por solicitud.<\/p>\n\n\n\n<p>Para m\u00e1s informaci\u00f3n, visital el siguiente enlace:<\/p>\n\n\n\n<div class=\"wp-block-buttons is-content-justification-center is-layout-flex wp-container-core-buttons-layout-1 wp-block-buttons-is-layout-flex\">\n<div class=\"wp-block-button\"><a class=\"wp-block-button__link has-white-color has-text-color has-link-color wp-element-button\" href=\"https:\/\/www.infosubvenciones.es\/bdnstrans\/GE\/es\/convocatorias\/876622\" target=\"_blank\" rel=\"noreferrer noopener\">Ver convocatoria<\/a><\/div>\n<\/div>\n\n\n\n<p><\/p>\n\n\n\n<p class=\"has-text-align-center\" style=\"font-size:24px\">Echa un vistazo a nuestro cat\u00e1logo completo&nbsp;<a href=\"https:\/\/dgformacion.com\/categoria-curso\/contenido-en-formato-digital\/certificados-de-profesionalidad\/\" target=\"_blank\" rel=\"noreferrer noopener\">pinchando aqu\u00ed<\/a>.<\/p>\n\n\n\n<p class=\"has-text-align-center\">Contacta con nosotros a trav\u00e9s del 914 32 02 02, o info@dgformacion.com.<\/p>\n","protected":false},"excerpt":{"rendered":"<p>El Servicio P\u00fablico de Empleo de Catalu\u00f1a impulsa una nueva convocatoria destinada a financiar acciones formativas orientadas a mejorar la empleabilidad de personas en situaci\u00f3n de desempleo. Estas ayudas est\u00e1n vinculadas a un compromiso real de inserci\u00f3n laboral tras la finalizaci\u00f3n de la formaci\u00f3n. DESTINATARIOSPodr\u00e1n optar a estas subvenciones las entidades de formaci\u00f3n y las &hellip;<\/p>\n","protected":false},"author":2,"featured_media":1361,"comment_status":"closed","ping_status":"open","sticky":false,"template":"","format":"standard","meta":{"footnotes":"","_jetpack_memberships_contains_paid_content":false},"categories":[4],"tags":[123,146,172,91,104,122,31,64,78,90,7,99,167,19,169,89,127,126,124,125,118,93,66,65,74,119,107,67,170,75],"jetpack_sharing_enabled":true,"jetpack_featured_media_url":"https:\/\/blog.dgformacion.com\/wp-content\/uploads\/2026\/01\/desempleados-contratacion-cataluna.png","_links":{"self":[{"href":"https:\/\/blog.dgformacion.com\/index.php?rest_route=\/wp\/v2\/posts\/1360"}],"collection":[{"href":"https:\/\/blog.dgformacion.com\/index.php?rest_route=\/wp\/v2\/posts"}],"about":[{"href":"https:\/\/blog.dgformacion.com\/index.php?rest_route=\/wp\/v2\/types\/post"}],"author":[{"embeddable":true,"href":"https:\/\/blog.dgformacion.com\/index.php?rest_route=\/wp\/v2\/users\/2"}],"replies":[{"embeddable":true,"href":"https:\/\/blog.dgformacion.com\/index.php?rest_route=%2Fwp%2Fv2%2Fcomments&post=1360"}],"version-history":[{"count":2,"href":"https:\/\/blog.dgformacion.com\/index.php?rest_route=\/wp\/v2\/posts\/1360\/revisions"}],"predecessor-version":[{"id":1375,"href":"https:\/\/blog.dgformacion.com\/index.php?rest_route=\/wp\/v2\/posts\/1360\/revisions\/1375"}],"wp:featuredmedia":[{"embeddable":true,"href":"https:\/\/blog.dgformacion.com\/index.php?rest_route=\/wp\/v2\/media\/1361"}],"wp:attachment":[{"href":"https:\/\/blog.dgformacion.com\/index.php?rest_route=%2Fwp%2Fv2%2Fmedia&parent=1360"}],"wp:term":[{"taxonomy":"category","embeddable":true,"href":"https:\/\/blog.dgformacion.com\/index.php?rest_route=%2Fwp%2Fv2%2Fcategories&post=1360"},{"taxonomy":"post_tag","embeddable":true,"href":"https:\/\/blog.dgformacion.com\/index.php?rest_route=%2Fwp%2Fv2%2Ftags&post=1360"}],"curies":[{"name":"wp","href":"https:\/\/api.w.org\/{rel}","templated":true}]}}