{"id":1438,"date":"2026-03-02T13:59:06","date_gmt":"2026-03-02T12:59:06","guid":{"rendered":"https:\/\/blog.dgformacion.com\/?p=1438"},"modified":"2026-03-02T15:09:57","modified_gmt":"2026-03-02T14:09:57","slug":"dgf-formacion-estara-presente-en-digielearning-y-expoformacion-2026-te-invitamos-a-acompanarnos","status":"publish","type":"post","link":"https:\/\/blog.dgformacion.com\/?p=1438","title":{"rendered":"DGF FORMACI\u00d3N estar\u00e1 presente en DIGIeLEARNING y EXPOFORMACI\u00d3N 2026: \u00a1te invitamos a acompa\u00f1arnos!"},"content":{"rendered":"\n<p>Este mes de marzo viene cargado de grandes citas para el sector de la formaci\u00f3n, y en <strong>DGF FORMACI\u00d3N<\/strong> estamos encantados de anunciar nuestra participaci\u00f3n como <strong>expositores, patrocinadores y ponentes<\/strong> en dos de los eventos m\u00e1s relevantes del a\u00f1o: <strong>DIGIeLEARNING<\/strong> y <strong>EXPOFORMACI\u00d3N 2026<\/strong>.<\/p>\n\n\n\n<p>Seg\u00fan se recoge en nuestras comunicaciones recientes, ambos eventos coincidir\u00e1n en fechas y presencia del equipo de DGF, reforzando nuestra apuesta por estar al lado de los profesionales del sector y presentar nuestras \u00faltimas soluciones formativas.<\/p>\n\n\n\n<hr class=\"wp-block-separator has-alpha-channel-opacity\"\/>\n\n\n\n<p><strong>DIGIeLEARNING 2026: innovaci\u00f3n y tendencias en formaci\u00f3n digital<\/strong><\/p>\n\n\n\n<p>DIGIeLEARNING se ha consolidado como un punto de encuentro imprescindible para empresas, innovadores y proveedores tecnol\u00f3gicos vinculados al aprendizaje digital. Los d\u00edas <strong>11 y 12 de marzo de 2026<\/strong>, IFEMA acoger\u00e1 este gran evento.<\/p>\n\n\n\n<p><strong>\u00bfPor qu\u00e9 visitarnos en DIGILEARNING?<\/strong><\/p>\n\n\n\n<ul>\n<li>Podr\u00e1s conocer de primera mano nuestras <strong>plataformas, servicios y nuevos lanzamientos<\/strong>.<\/li>\n\n\n\n<li>Tendremos preparado un <strong>stand<\/strong>, con materiales exclusivos y todo el acompa\u00f1amiento de nuestro equipo.<\/li>\n\n\n\n<li>Ser\u00e1 un espacio perfecto para <strong>hacer networking<\/strong> y explorar sinergias.<\/li>\n<\/ul>\n\n\n\n<hr class=\"wp-block-separator has-alpha-channel-opacity\"\/>\n\n\n\n<p><strong>EXPOFORMACI\u00d3N 2026 \u2013 AENOA: el gran encuentro de la formaci\u00f3n continua<\/strong><\/p>\n\n\n\n<p>El <strong>11 de marzo de 2026<\/strong>, en el Hotel Novotel Ifema Madrid, se celebrar\u00e1 EXPOFORMACI\u00d3N, un evento que reunir\u00e1 a empresas, consultoras, responsables de RRHH y proveedores del sector formativo.<\/p>\n\n\n\n<p>Se trata de un espacio de referencia donde confluyen sala de conferencias, zona expositiva y m\u00faltiples oportunidades de interacci\u00f3n profesional.<\/p>\n\n\n\n<p>Desde DGF FORMACI\u00d3N participaremos con:<\/p>\n\n\n\n<ul>\n<li><strong>Stand propio<\/strong> dentro de la zona expositiva.<\/li>\n\n\n\n<li><strong>Acciones de networking<\/strong>.<\/li>\n\n\n\n<li><strong>Ponencia oficial de nuestra directora, Gema Granizo Garc\u00eda<\/strong>.<\/li>\n<\/ul>\n\n\n\n<hr class=\"wp-block-separator has-alpha-channel-opacity\"\/>\n\n\n\n<p><strong>La ponencia de Gema Granizo Garc\u00eda: un imprescindible del evento<\/strong><\/p>\n\n\n\n<p>Nos alegra anunciar que <strong>Gema Granizo Garc\u00eda<\/strong>, Directora de DGF FORMACI\u00d3N, formar\u00e1 parte del programa profesional compartiendo una ponencia dise\u00f1ada especialmente para este foro.<\/p>\n\n\n\n<p>Ser\u00e1 una oportunidad \u00fanica para:<\/p>\n\n\n\n<ul>\n<li>Inspirarte con nuevas tendencias en formaci\u00f3n.<\/li>\n\n\n\n<li>Conocer enfoques estrat\u00e9gicos aplicables a empresas, consultoras y entidades formativas.<\/li>\n\n\n\n<li>Dialogar sobre los retos y oportunidades del sector.<\/li>\n<\/ul>\n\n\n\n<hr class=\"wp-block-separator has-alpha-channel-opacity\"\/>\n\n\n\n<p><strong>Te invitamos a visitarnos<\/strong><\/p>\n\n\n\n<p>Tanto en DIGILEARNING como en EXPOFORMACI\u00d3N, nuestro equipo estar\u00e1 encantado de recibirte, atender tus consultas y mostrarte todas las novedades en las que hemos trabajado.<\/p>\n\n\n\n<p><strong>\u00bfD\u00f3nde encontrarnos?<\/strong><\/p>\n\n\n\n<p><strong><a href=\"https:\/\/www.ancypel.es\/index.php\/actualidad\/noticias\/2044-una-nueva-edicion-de-digielearning-llega-el-11-y-12-de-marzo-de-2026-a-ifema\">DIGIeLEARNING<\/a><\/strong><strong> organizada por IFEMA MADRID con la&nbsp;colaboraci\u00f3n de&nbsp;ANCYPEL.<\/strong><\/p>\n\n\n\n<p>\ud83d\udccd<strong><em> Pabell\u00f3n 14 de IFEMA Madrid&nbsp;<\/em><\/strong><\/p>\n\n\n\n<p>\ud83d\udcc5 11 y 12 de <em>Marzo de 2026<\/em><\/p>\n\n\n\n<p><strong><a href=\"https:\/\/congresosdeformacion.com\/\">Congreso Aenoa 2026<\/a><\/strong><\/p>\n\n\n\n<p>\ud83d\udccd<em>Hotel Novotel Ifema Madrid<\/em><br>\ud83d\udcc5 11 de <em>Marzo de 2026<\/em><br>\ud83c\udfa4 <em>Ponencia de Gema Granizo Garc\u00eda dentro del <a href=\"https:\/\/congresosdeformacion.com\/programa-aenoa-2026\/\">programa de AENOA<\/a><\/em><\/p>\n\n\n\n<hr class=\"wp-block-separator has-alpha-channel-opacity\"\/>\n\n\n\n<p><strong>Queremos verte all\u00ed<\/strong><\/p>\n\n\n\n<p>Sabemos que estos eventos ser\u00e1n clave para seguir impulsando la formaci\u00f3n de calidad y la innovaci\u00f3n en el sector. Por eso, nos encantar\u00e1 contar con tu presencia en nuestro <strong>stand<\/strong> y en nuestra <strong>ponencia<\/strong>, y compartir contigo ideas, proyectos e inspiraci\u00f3n.<\/p>\n\n\n\n<p>\u00a1Nos vemos en DIGIeLEARNING y EXPOFORMACI\u00d3N 2026!<\/p>\n","protected":false},"excerpt":{"rendered":"<p>Este mes de marzo viene cargado de grandes citas para el sector de la formaci\u00f3n, y en DGF FORMACI\u00d3N estamos encantados de anunciar nuestra participaci\u00f3n como expositores, patrocinadores y ponentes en dos de los eventos m\u00e1s relevantes del a\u00f1o: DIGIeLEARNING y EXPOFORMACI\u00d3N 2026. Seg\u00fan se recoge en nuestras comunicaciones recientes, ambos eventos coincidir\u00e1n en fechas &hellip;<\/p>\n","protected":false},"author":2,"featured_media":1444,"comment_status":"closed","ping_status":"open","sticky":false,"template":"","format":"standard","meta":{"footnotes":"","_jetpack_memberships_contains_paid_content":false},"categories":[5],"tags":[213,214,51,145,33,132,159,18,114,21,13,40,38,131,22],"jetpack_sharing_enabled":true,"jetpack_featured_media_url":"https:\/\/blog.dgformacion.com\/wp-content\/uploads\/2026\/03\/imagen.png","_links":{"self":[{"href":"https:\/\/blog.dgformacion.com\/index.php?rest_route=\/wp\/v2\/posts\/1438"}],"collection":[{"href":"https:\/\/blog.dgformacion.com\/index.php?rest_route=\/wp\/v2\/posts"}],"about":[{"href":"https:\/\/blog.dgformacion.com\/index.php?rest_route=\/wp\/v2\/types\/post"}],"author":[{"embeddable":true,"href":"https:\/\/blog.dgformacion.com\/index.php?rest_route=\/wp\/v2\/users\/2"}],"replies":[{"embeddable":true,"href":"https:\/\/blog.dgformacion.com\/index.php?rest_route=%2Fwp%2Fv2%2Fcomments&post=1438"}],"version-history":[{"count":1,"href":"https:\/\/blog.dgformacion.com\/index.php?rest_route=\/wp\/v2\/posts\/1438\/revisions"}],"predecessor-version":[{"id":1439,"href":"https:\/\/blog.dgformacion.com\/index.php?rest_route=\/wp\/v2\/posts\/1438\/revisions\/1439"}],"wp:featuredmedia":[{"embeddable":true,"href":"https:\/\/blog.dgformacion.com\/index.php?rest_route=\/wp\/v2\/media\/1444"}],"wp:attachment":[{"href":"https:\/\/blog.dgformacion.com\/index.php?rest_route=%2Fwp%2Fv2%2Fmedia&parent=1438"}],"wp:term":[{"taxonomy":"category","embeddable":true,"href":"https:\/\/blog.dgformacion.com\/index.php?rest_route=%2Fwp%2Fv2%2Fcategories&post=1438"},{"taxonomy":"post_tag","embeddable":true,"href":"https:\/\/blog.dgformacion.com\/index.php?rest_route=%2Fwp%2Fv2%2Ftags&post=1438"}],"curies":[{"name":"wp","href":"https:\/\/api.w.org\/{rel}","templated":true}]}}