{"id":1449,"date":"2026-03-06T09:44:31","date_gmt":"2026-03-06T08:44:31","guid":{"rendered":"https:\/\/blog.dgformacion.com\/?p=1449"},"modified":"2026-03-06T10:29:54","modified_gmt":"2026-03-06T09:29:54","slug":"personal-al-servicio-de-la-administracion-local-andalucia-2026","status":"publish","type":"post","link":"https:\/\/blog.dgformacion.com\/?p=1449","title":{"rendered":"Personal al servicio de la Administraci\u00f3n Local \u2013 Andaluc\u00eda, 2026"},"content":{"rendered":"\n<p>El Instituto Andaluz de Administraci\u00f3n P\u00fablica (IAAP) ha publicado una nueva convocatoria de subvenciones destinadas a financiar los planes de formaci\u00f3n dirigidos al personal al servicio de la Administraci\u00f3n Local de Andaluc\u00eda. Esta iniciativa se enmarca en el Acuerdo de Formaci\u00f3n para el Empleo de las Administraciones P\u00fablicas (AFEDAP\/FEDAP) y tiene como objetivo reforzar la actualizaci\u00f3n profesional y el desarrollo competencial de empleados p\u00fablicos locales.<\/p>\n\n\n\n<p>Estas ayudas, reguladas por la Orden de 28 de julio de 2014, buscan impulsar una administraci\u00f3n m\u00e1s eficiente, moderna y adaptada a las nuevas necesidades de gesti\u00f3n p\u00fablica.<\/p>\n\n\n\n<h4 class=\"wp-block-heading has-text-align-left\">OBJETO DE LA CONVOCATORIA<\/h4>\n\n\n\n<p class=\"has-text-align-left\">La finalidad de esta convocatoria es financiar planes de formaci\u00f3n orientados al personal de las entidades locales andaluzas, fomentando:<\/p>\n\n\n\n<ul>\n<li>La mejora de su cualificaci\u00f3n profesional.<\/li>\n\n\n\n<li>La adquisici\u00f3n de nuevas competencias adaptadas a los retos actuales.<\/li>\n\n\n\n<li>La profesionalizaci\u00f3n y la mejora continua del servicio p\u00fablico local.<\/li>\n<\/ul>\n\n\n\n<p>Con ello, se pretende reforzar la eficiencia y la calidad de la administraci\u00f3n local en Andaluc\u00eda.<\/p>\n\n\n\n<h4 class=\"wp-block-heading\">ACCIONES SUBVENCIONABLES<\/h4>\n\n\n\n<p>Los planes de formaci\u00f3n podr\u00e1n incluir acciones formativas orientadas a mejorar las competencias t\u00e9cnicas, digitales y profesionales del personal empleado p\u00fablico de las entidades locales.<\/p>\n\n\n\n<h4 class=\"wp-block-heading\">MODALIDAD DE IMPARTICI\u00d3N<\/h4>\n\n\n\n<p>Las acciones formativas podr\u00e1n desarrollarse en las siguientes modalidades:<\/p>\n\n\n\n<ul>\n<li><strong>Teleformaci\u00f3n<\/strong><\/li>\n\n\n\n<li><strong>Presencial<\/strong><\/li>\n\n\n\n<li><strong>Mixta<\/strong>&nbsp;(teleformaci\u00f3n + presencial)<\/li>\n\n\n\n<li><strong>Presencial de especial complejidad<\/strong><\/li>\n\n\n\n<li><strong>Jornada virtual de especial complejidad<\/strong><\/li>\n<\/ul>\n\n\n\n<h4 class=\"wp-block-heading\">TIPOS DE PLANES<\/h4>\n\n\n\n<p>Podr\u00e1n solicitarse subvenciones para los siguientes tipos de planes formativos:<\/p>\n\n\n\n<ul>\n<li><strong>Planes interadministrativos<\/strong><\/li>\n\n\n\n<li><strong>Planes unitarios<\/strong><\/li>\n\n\n\n<li><strong>Planes agrupados<\/strong><\/li>\n<\/ul>\n\n\n\n<h4 class=\"wp-block-heading\">ENTIDADES BENEFICIARIAS<\/h4>\n\n\n\n<p>Podr\u00e1n concurrir a esta convocatoria:<\/p>\n\n\n\n<ul>\n<li>Entidades locales de Andaluc\u00eda<\/li>\n\n\n\n<li>Federaci\u00f3n Andaluza de Municipios y Provincias (FAMP)<\/li>\n\n\n\n<li>Federaciones o asociaciones de entidades locales de \u00e1mbito auton\u00f3mico<\/li>\n<\/ul>\n\n\n\n<h4 class=\"wp-block-heading\">DESTINATARIOS FINALES<\/h4>\n\n\n\n<p>Estas acciones formativas est\u00e1n dirigidas al&nbsp;<strong>personal empleado p\u00fablico al servicio de la Administraci\u00f3n Local de Andaluc\u00eda<\/strong>.<\/p>\n\n\n\n<h4 class=\"wp-block-heading\">CUANT\u00cdA<\/h4>\n\n\n\n<p>La convocatoria cuenta con un presupuesto total de:<\/p>\n\n\n\n<h3 class=\"wp-block-heading\"><strong>3.000.402,89 \u20ac (ejercicio 2026)<\/strong><\/h3>\n\n\n\n<h4 class=\"wp-block-heading\">LOCALIZACI\u00d3N DE LAS ACCIONES<\/h4>\n\n\n\n<p>Todas las acciones formativas deber\u00e1n desarrollarse&nbsp;<strong>dentro de la Comunidad Aut\u00f3noma de Andaluc\u00eda<\/strong>.<\/p>\n\n\n\n<h4 class=\"wp-block-heading\">\u00d3RGANO CONVOCANTE Y GESTOR<\/h4>\n\n\n\n<ul>\n<li><strong>Convoca:<\/strong>&nbsp;Instituto Andaluz de Administraci\u00f3n P\u00fablica (IAAP) \u2013 Consejer\u00eda de Justicia, Administraci\u00f3n Local y Funci\u00f3n P\u00fablica, Junta de Andaluc\u00eda.<\/li>\n\n\n\n<li><strong>Gestiona:<\/strong>&nbsp;IAAP, a trav\u00e9s de la Comisi\u00f3n Paritaria de Formaci\u00f3n para el Empleo de la Administraci\u00f3n Local de Andaluc\u00eda.<\/li>\n<\/ul>\n\n\n\n<h4 class=\"wp-block-heading\">PLAZO DE LA SOLICITUD<\/h4>\n\n\n\n<p>El plazo de presentaci\u00f3n de solicitudes ser\u00e1 de\u00a0<strong>15 d\u00edas h\u00e1biles<\/strong>\u00a0contados desde el d\u00eda siguiente a la publicaci\u00f3n del extracto de la convocatoria en el\u00a0<strong>BOJA<\/strong>.<\/p>\n\n\n\n<p>Para m\u00e1s informaci\u00f3n, visital el siguiente enlace:<\/p>\n\n\n\n<div class=\"wp-block-buttons is-content-justification-center is-layout-flex wp-container-core-buttons-layout-1 wp-block-buttons-is-layout-flex\">\n<div class=\"wp-block-button\"><a class=\"wp-block-button__link wp-element-button\" href=\"https:\/\/www.juntadeandalucia.es\/organismos\/iaap\/areas\/subvenciones-formacion.html\" target=\"_blank\" rel=\"noreferrer noopener\">Ver convocatoria<\/a><\/div>\n<\/div>\n\n\n\n<p class=\"has-text-align-center\" style=\"font-size:24px\">Echa un vistazo a nuestro cat\u00e1logo completo&nbsp;<a href=\"https:\/\/dgformacion.com\/categoria-curso\/contenido-en-formato-digital\/certificados-de-profesionalidad\/\" target=\"_blank\" rel=\"noreferrer noopener\">pinchando aqu\u00ed<\/a>.<\/p>\n\n\n\n<p class=\"has-text-align-center\">Contacta con nosotros a trav\u00e9s del 914 32 02 02, o info@dgformacion.com.<\/p>\n","protected":false},"excerpt":{"rendered":"<p>El Instituto Andaluz de Administraci\u00f3n P\u00fablica (IAAP) ha publicado una nueva convocatoria de subvenciones destinadas a financiar los planes de formaci\u00f3n dirigidos al personal al servicio de la Administraci\u00f3n Local de Andaluc\u00eda. Esta iniciativa se enmarca en el Acuerdo de Formaci\u00f3n para el Empleo de las Administraciones P\u00fablicas (AFEDAP\/FEDAP) y tiene como objetivo reforzar la &hellip;<\/p>\n","protected":false},"author":2,"featured_media":1454,"comment_status":"closed","ping_status":"open","sticky":false,"template":"","format":"standard","meta":{"footnotes":"","_jetpack_memberships_contains_paid_content":false},"categories":[4],"tags":[31,90,19,67],"jetpack_sharing_enabled":true,"jetpack_featured_media_url":"https:\/\/blog.dgformacion.com\/wp-content\/uploads\/2026\/03\/10.-DGF-06-03-26-Andalucia-Nueva-convocatoria-2.png","_links":{"self":[{"href":"https:\/\/blog.dgformacion.com\/index.php?rest_route=\/wp\/v2\/posts\/1449"}],"collection":[{"href":"https:\/\/blog.dgformacion.com\/index.php?rest_route=\/wp\/v2\/posts"}],"about":[{"href":"https:\/\/blog.dgformacion.com\/index.php?rest_route=\/wp\/v2\/types\/post"}],"author":[{"embeddable":true,"href":"https:\/\/blog.dgformacion.com\/index.php?rest_route=\/wp\/v2\/users\/2"}],"replies":[{"embeddable":true,"href":"https:\/\/blog.dgformacion.com\/index.php?rest_route=%2Fwp%2Fv2%2Fcomments&post=1449"}],"version-history":[{"count":1,"href":"https:\/\/blog.dgformacion.com\/index.php?rest_route=\/wp\/v2\/posts\/1449\/revisions"}],"predecessor-version":[{"id":1453,"href":"https:\/\/blog.dgformacion.com\/index.php?rest_route=\/wp\/v2\/posts\/1449\/revisions\/1453"}],"wp:featuredmedia":[{"embeddable":true,"href":"https:\/\/blog.dgformacion.com\/index.php?rest_route=\/wp\/v2\/media\/1454"}],"wp:attachment":[{"href":"https:\/\/blog.dgformacion.com\/index.php?rest_route=%2Fwp%2Fv2%2Fmedia&parent=1449"}],"wp:term":[{"taxonomy":"category","embeddable":true,"href":"https:\/\/blog.dgformacion.com\/index.php?rest_route=%2Fwp%2Fv2%2Fcategories&post=1449"},{"taxonomy":"post_tag","embeddable":true,"href":"https:\/\/blog.dgformacion.com\/index.php?rest_route=%2Fwp%2Fv2%2Ftags&post=1449"}],"curies":[{"name":"wp","href":"https:\/\/api.w.org\/{rel}","templated":true}]}}