{"id":1456,"date":"2026-03-17T10:47:25","date_gmt":"2026-03-17T09:47:25","guid":{"rendered":"https:\/\/blog.dgformacion.com\/?p=1456"},"modified":"2026-04-01T10:07:04","modified_gmt":"2026-04-01T09:07:04","slug":"planes-de-formacion-para-el-personal-de-la-administracion-local-navarra-2026","status":"publish","type":"post","link":"https:\/\/blog.dgformacion.com\/?p=1456","title":{"rendered":"Planes de formaci\u00f3n para el personal de la Administraci\u00f3n Local \u2013 Navarra, 2026"},"content":{"rendered":"\n<p>El Gobierno de Navarra, a trav\u00e9s de la Direcci\u00f3n General de Funci\u00f3n P\u00fablica, ha publicado la <strong>RESOLUCI\u00d3N 874\/2026, de 12 de marzo<\/strong>, que convoca subvenciones para financiar los planes de formaci\u00f3n de las entidades locales en el marco del <strong>Acuerdo de Formaci\u00f3n para el Empleo de las Administraciones P\u00fablicas (AFEDAP)<\/strong> para 2026. Esta iniciativa busca fortalecer las competencias del personal p\u00fablico local, fomentando una administraci\u00f3n m\u00e1s eficiente y moderna.<\/p>\n\n\n\n<h4 class=\"wp-block-heading has-text-align-left\">OBJETIVO DE LA CONVOCATORIA<\/h4>\n\n\n\n<p>El principal prop\u00f3sito de estas ayudas es apoyar planes de formaci\u00f3n que permitan:<\/p>\n\n\n\n<ul>\n<li>Mejorar las habilidades profesionales del personal de las entidades locales.<\/li>\n\n\n\n<li>Adquirir competencias actualizadas frente a los desaf\u00edos actuales de la gesti\u00f3n p\u00fablica.<\/li>\n\n\n\n<li>Impulsar la mejora continua de la calidad de los servicios p\u00fablicos locales.<\/li>\n<\/ul>\n\n\n\n<p>Con ello, se busca que las administraciones locales de Navarra ofrezcan servicios m\u00e1s eficaces, innovadores y adaptados a la ciudadan\u00eda.<\/p>\n\n\n\n<h4 class=\"wp-block-heading\">QU\u00c9 SE PUEDE SUBVENCIONAR<\/h4>\n\n\n\n<p>Se financian planes de formaci\u00f3n que incluyan:<\/p>\n\n\n\n<ul>\n<li>Cursos y acciones formativas dirigidas al personal de las entidades locales.<\/li>\n\n\n\n<li>Actividades complementarias relacionadas con el plan de formaci\u00f3n.<\/li>\n\n\n\n<li>Programas que agrupen varias acciones o ediciones formativas.<\/li>\n<\/ul>\n\n\n\n<p>Cada plan debe detallar: n\u00famero de participantes, horas de formaci\u00f3n, presupuesto y memoria del plan.<\/p>\n\n\n\n<h4 class=\"wp-block-heading\">MODALIDAD DE IMPARTICI\u00d3N<\/h4>\n\n\n\n<p>Las acciones podr\u00e1n desarrollarse en cualquiera de estas modalidades:<\/p>\n\n\n\n<ul>\n<li>Presencial<\/li>\n\n\n\n<li>Online<\/li>\n\n\n\n<li>Mixta (combinaci\u00f3n de presencial y online)<\/li>\n<\/ul>\n\n\n\n<h4 class=\"wp-block-heading\">TIPOS DE PLANES FORMATIVOS<\/h4>\n\n\n\n<p>Podr\u00e1n solicitarse subvenciones para:<\/p>\n\n\n\n<ul>\n<li><strong>Planes unitarios:<\/strong> promovidos por una \u00fanica entidad local.<\/li>\n\n\n\n<li><strong>Planes agrupados:<\/strong> desarrollados conjuntamente por varias entidades locales o por asociaciones\/federaciones de municipios.<\/li>\n<\/ul>\n\n\n\n<h4 class=\"wp-block-heading\">QUI\u00c9NES PUEDEN PARTICIPAR<\/h4>\n\n\n\n<p>Podr\u00e1n acceder a estas ayudas:<\/p>\n\n\n\n<ul>\n<li>Entidades locales de Navarra.<\/li>\n\n\n\n<li>Asociaciones o federaciones de entidades locales que promuevan planes conjuntos.<\/li>\n<\/ul>\n\n\n\n<p><strong>Destinatarios finales:<\/strong> el personal empleado p\u00fablico de las entidades locales de Navarra.<\/p>\n\n\n\n<h4 class=\"wp-block-heading\">PRESUPUESTO<\/h4>\n\n\n\n<p>El presupuesto total disponible es de <strong>179.750 \u20ac<\/strong>, distribuido de la siguiente forma:<\/p>\n\n\n\n<ul>\n<li>107.850 \u20ac (60%) para 2026<\/li>\n\n\n\n<li>71.900 \u20ac (40%) para 2027<\/li>\n<\/ul>\n\n\n\n<p>Los fondos provienen de la financiaci\u00f3n estatal destinada a la formaci\u00f3n continua de las administraciones p\u00fablicas.<\/p>\n\n\n\n<h4 class=\"wp-block-heading\">\u00c1MBITO DE LAS ACCIONES<\/h4>\n\n\n\n<p>Todas las acciones formativas deber\u00e1n realizarse dentro de la <strong>Comunidad Foral de Navarra<\/strong>.<\/p>\n\n\n\n<h4 class=\"wp-block-heading\">GESTI\u00d3N <\/h4>\n\n\n\n<p>Instituto Navarro de Administraci\u00f3n P\u00fablica (INAP) y Comisi\u00f3n Paritaria de Formaci\u00f3n Local para el Empleo de Navarra.<\/p>\n\n\n\n<p>La resoluci\u00f3n definitiva ser\u00e1 dictada por la Direcci\u00f3n General de Funci\u00f3n P\u00fablica.<\/p>\n\n\n\n<h4 class=\"wp-block-heading\">\u00d3RGANO CONVOCANTE Y GESTOR<\/h4>\n\n\n\n<ul>\n<li><strong>Convoca:<\/strong>&nbsp;Instituto Andaluz de Administraci\u00f3n P\u00fablica (IAAP) \u2013 Consejer\u00eda de Justicia, Administraci\u00f3n Local y Funci\u00f3n P\u00fablica, Junta de Andaluc\u00eda.<\/li>\n\n\n\n<li><strong>Gestiona:<\/strong>&nbsp;IAAP, a trav\u00e9s de la Comisi\u00f3n Paritaria de Formaci\u00f3n para el Empleo de la Administraci\u00f3n Local de Andaluc\u00eda.<\/li>\n<\/ul>\n\n\n\n<h4 class=\"wp-block-heading\">PLAZO DE PRESENTACI\u00d3N<\/h4>\n\n\n\n<p>Las solicitudes deber\u00e1n presentarse <strong>en un plazo de 20 d\u00edas<\/strong> desde el d\u00eda siguiente a la publicaci\u00f3n de la convocatoria en el Bolet\u00edn Oficial de Navarra, a trav\u00e9s del <strong>Portal FEDAP del INAP<\/strong>.<\/p>\n\n\n\n<p>Para m\u00e1s informaci\u00f3n, visita el siguiente enlace:<\/p>\n\n\n\n<div class=\"wp-block-buttons is-content-justification-center is-layout-flex wp-container-core-buttons-layout-1 wp-block-buttons-is-layout-flex\">\n<div class=\"wp-block-button\"><a class=\"wp-block-button__link wp-element-button\" href=\"https:\/\/fedap-navarra.inap.es\/AccesoLibre\/CentroAsistenciaUsuario.aspx\" target=\"_blank\" rel=\"noreferrer noopener\">Ver convocatoria<\/a><\/div>\n<\/div>\n\n\n\n<p class=\"has-text-align-center\" style=\"font-size:24px\">Echa un vistazo a nuestro cat\u00e1logo completo&nbsp;<a href=\"https:\/\/dgformacion.com\/categoria-curso\/contenido-en-formato-digital\/certificados-de-profesionalidad\/\" target=\"_blank\" rel=\"noreferrer noopener\">pinchando aqu\u00ed<\/a>.<\/p>\n\n\n\n<p class=\"has-text-align-center\">Contacta con nosotros a trav\u00e9s del 914 32 02 02, o info@dgformacion.com.<\/p>\n","protected":false},"excerpt":{"rendered":"<p>El Gobierno de Navarra, a trav\u00e9s de la Direcci\u00f3n General de Funci\u00f3n P\u00fablica, ha publicado la RESOLUCI\u00d3N 874\/2026, de 12 de marzo, que convoca subvenciones para financiar los planes de formaci\u00f3n de las entidades locales en el marco del Acuerdo de Formaci\u00f3n para el Empleo de las Administraciones P\u00fablicas (AFEDAP) para 2026. Esta iniciativa busca &hellip;<\/p>\n","protected":false},"author":2,"featured_media":1460,"comment_status":"closed","ping_status":"open","sticky":false,"template":"","format":"standard","meta":{"footnotes":"","_jetpack_memberships_contains_paid_content":false},"categories":[4],"tags":[31,90,19,67],"jetpack_sharing_enabled":true,"jetpack_featured_media_url":"https:\/\/blog.dgformacion.com\/wp-content\/uploads\/2026\/03\/Mailing.png","_links":{"self":[{"href":"https:\/\/blog.dgformacion.com\/index.php?rest_route=\/wp\/v2\/posts\/1456"}],"collection":[{"href":"https:\/\/blog.dgformacion.com\/index.php?rest_route=\/wp\/v2\/posts"}],"about":[{"href":"https:\/\/blog.dgformacion.com\/index.php?rest_route=\/wp\/v2\/types\/post"}],"author":[{"embeddable":true,"href":"https:\/\/blog.dgformacion.com\/index.php?rest_route=\/wp\/v2\/users\/2"}],"replies":[{"embeddable":true,"href":"https:\/\/blog.dgformacion.com\/index.php?rest_route=%2Fwp%2Fv2%2Fcomments&post=1456"}],"version-history":[{"count":4,"href":"https:\/\/blog.dgformacion.com\/index.php?rest_route=\/wp\/v2\/posts\/1456\/revisions"}],"predecessor-version":[{"id":1500,"href":"https:\/\/blog.dgformacion.com\/index.php?rest_route=\/wp\/v2\/posts\/1456\/revisions\/1500"}],"wp:featuredmedia":[{"embeddable":true,"href":"https:\/\/blog.dgformacion.com\/index.php?rest_route=\/wp\/v2\/media\/1460"}],"wp:attachment":[{"href":"https:\/\/blog.dgformacion.com\/index.php?rest_route=%2Fwp%2Fv2%2Fmedia&parent=1456"}],"wp:term":[{"taxonomy":"category","embeddable":true,"href":"https:\/\/blog.dgformacion.com\/index.php?rest_route=%2Fwp%2Fv2%2Fcategories&post=1456"},{"taxonomy":"post_tag","embeddable":true,"href":"https:\/\/blog.dgformacion.com\/index.php?rest_route=%2Fwp%2Fv2%2Ftags&post=1456"}],"curies":[{"name":"wp","href":"https:\/\/api.w.org\/{rel}","templated":true}]}}