{"id":1535,"date":"2026-04-27T12:21:22","date_gmt":"2026-04-27T11:21:22","guid":{"rendered":"https:\/\/blog.dgformacion.com\/?p=1535"},"modified":"2026-04-27T12:43:13","modified_gmt":"2026-04-27T11:43:13","slug":"convocatoria-de-subvenciones-2026-para-proyectos-de-formacion-dirigidos-a-personas-desempleadas-en-la-region-de-murcia","status":"publish","type":"post","link":"https:\/\/blog.dgformacion.com\/?p=1535","title":{"rendered":"Subvenciones para proyectos de formaci\u00f3n dirigidos a personas desempleadas &#8211; Murcia 2026"},"content":{"rendered":"\n<p><\/p>\n\n\n\n<p>La Consejer\u00eda de Empresa, Empleo y Econom\u00eda Social, a trav\u00e9s del <strong>Servicio Regional de Empleo y Formaci\u00f3n (SEF)<\/strong>, ha publicado la <strong>Resoluci\u00f3n de 24 de abril de 2026<\/strong> por la que se aprueba la <strong>convocatoria de subvenciones destinadas a la realizaci\u00f3n de proyectos de formaci\u00f3n dirigidos a personas trabajadoras desempleadas en la Regi\u00f3n de Murcia<\/strong>, correspondiente al ejercicio 2026 y financiada con fondos del <strong>SEPE<\/strong>.<\/p>\n\n\n\n<p>Esta convocatoria se enmarca en el Sistema de Formaci\u00f3n Profesional para el Empleo y tiene como objetivo <strong>mejorar la empleabilidad, la recualificaci\u00f3n profesional y la inserci\u00f3n laboral<\/strong> de personas desempleadas, especialmente de aquellos colectivos con mayores dificultades de acceso al mercado de trabajo.<\/p>\n\n\n\n<h2 class=\"wp-block-heading has-text-align-left\">OBJETIVO DE LA CONVOCATORIA<\/h2>\n\n\n\n<p>La convocatoria tiene por objeto la <strong>concesi\u00f3n de subvenciones, en r\u00e9gimen de concurrencia competitiva<\/strong>, para la realizaci\u00f3n de <strong>proyectos de formaci\u00f3n de oferta dirigidos prioritariamente a personas desempleadas<\/strong>, a desarrollar en el \u00e1mbito territorial de la <strong>Comunidad Aut\u00f3noma de la Regi\u00f3n de Murcia durante 2026<\/strong>.<\/p>\n\n\n\n<h2 class=\"wp-block-heading\">DESTINATARIOS<\/h2>\n\n\n\n<p>Los proyectos de formaci\u00f3n estar\u00e1n dirigidos principalmente a <strong>personas trabajadoras desempleadas inscritas como demandantes de empleo<\/strong> en las oficinas del SEF.<\/p>\n\n\n\n<p>Tendr\u00e1n car\u00e1cter prioritario, entre otros, los siguientes colectivos:<\/p>\n\n\n\n<ul>\n<li>Personas desempleadas de larga duraci\u00f3n<\/li>\n\n\n\n<li>Mujeres<\/li>\n\n\n\n<li>Personas mayores de 45 a\u00f1os<\/li>\n\n\n\n<li>Personas con discapacidad<\/li>\n\n\n\n<li>Personas en riesgo o situaci\u00f3n de exclusi\u00f3n social<\/li>\n\n\n\n<li>V\u00edctimas de violencia de g\u00e9nero<\/li>\n\n\n\n<li>Personas refugiadas<\/li>\n<\/ul>\n\n\n\n<h2 class=\"wp-block-heading\" style=\"text-transform:uppercase\">Programas de formaci\u00f3n subvencionables<\/h2>\n\n\n\n<p>Los proyectos deber\u00e1n encuadrarse en alguno de los siguientes programas:<\/p>\n\n\n\n<h3 class=\"wp-block-heading\" style=\"text-transform:uppercase\">Programa Recualifica\u2011T<\/h3>\n\n\n\n<p>Orientado a la <strong>recualificaci\u00f3n y profesionalizaci\u00f3n de personas desempleadas<\/strong>, especialmente en el \u00e1mbito del sector servicios, empleo verde, silver economy y transformaci\u00f3n digital.<\/p>\n\n\n\n<h3 class=\"wp-block-heading\" style=\"text-transform:uppercase\">Programa Emprendiendo<\/h3>\n\n\n\n<p>Dirigido al <strong>fomento del emprendimiento<\/strong>, la iniciativa empresarial y la creaci\u00f3n de nuevos proyectos de autoempleo.<\/p>\n\n\n\n<h3 class=\"wp-block-heading\" style=\"text-transform:uppercase\">Programa Sectores Emergentes<\/h3>\n\n\n\n<p>Proyectos vinculados a <strong>sectores con alta prospectiva de empleo<\/strong> y nuevas oportunidades profesionales.<\/p>\n\n\n\n<h3 class=\"wp-block-heading\" style=\"text-transform:uppercase\">Programa Industria 4.0 y Nuevas Tecnolog\u00edas<\/h3>\n\n\n\n<p>Formaci\u00f3n dirigida al <strong>uso pr\u00e1ctico de la Inteligencia Artificial, automatizaci\u00f3n, digitalizaci\u00f3n, ciberseguridad y nuevas tecnolog\u00edas<\/strong>, orientada a mejorar la productividad y competitividad.<\/p>\n\n\n\n<h2 class=\"wp-block-heading\" style=\"text-transform:uppercase\">Entidades beneficiarias<\/h2>\n\n\n\n<p>Podr\u00e1n ser beneficiarias de estas subvenciones:<\/p>\n\n\n\n<ul>\n<li><strong>Entidades de formaci\u00f3n p\u00fablicas o privadas<\/strong><\/li>\n\n\n\n<li>Debidamente <strong>acreditadas y\/o inscritas<\/strong> en el Registro Estatal de Entidades de Formaci\u00f3n y en el Registro del SEF<\/li>\n\n\n\n<li>Con <strong>presencia en la Regi\u00f3n de Murcia<\/strong><\/li>\n\n\n\n<li>Para impartir formaci\u00f3n en modalidad <strong>presencial, teleformaci\u00f3n o mixta<\/strong><\/li>\n<\/ul>\n\n\n\n<p>Tambi\u00e9n podr\u00e1n presentarse <strong>agrupaciones de entidades de formaci\u00f3n<\/strong>, en los t\u00e9rminos establecidos en la convocatoria.<\/p>\n\n\n\n<h2 class=\"wp-block-heading\" style=\"text-transform:uppercase\">Financiaci\u00f3n<\/h2>\n\n\n\n<p>La convocatoria cuenta con una dotaci\u00f3n inicial de <strong>2.151.736,00 \u20ac<\/strong>, financiados con fondos del <strong>Servicio P\u00fablico de Empleo Estatal (SEPE)<\/strong>.<\/p>\n\n\n\n<p>Adem\u00e1s, se prev\u00e9 una <strong>cuant\u00eda adicional estimada de hasta 4.000.000 \u20ac<\/strong>, condicionada a la disponibilidad de cr\u00e9dito presupuestario.<\/p>\n\n\n\n<h2 class=\"wp-block-heading\" style=\"text-transform:uppercase\">Plazo de presentaci\u00f3n de solicitudes<\/h2>\n\n\n\n<p>El <strong>plazo de presentaci\u00f3n<\/strong> ser\u00e1 de <strong>15 d\u00edas h\u00e1biles<\/strong>, contados a partir del d\u00eda siguiente al de la publicaci\u00f3n del extracto de la resoluci\u00f3n en el <strong>Bolet\u00edn Oficial de la Regi\u00f3n de Murcia (BORM)<\/strong>.<\/p>\n\n\n\n<p>Las solicitudes deber\u00e1n presentarse <strong>obligatoriamente por v\u00eda electr\u00f3nica<\/strong>, a trav\u00e9s de la aplicaci\u00f3n <strong>GEFE<\/strong> del SEF.<\/p>\n\n\n\n<h2 class=\"wp-block-heading\" style=\"text-transform:uppercase\">Procedimiento de concesi\u00f3n<\/h2>\n\n\n\n<ul>\n<li>R\u00e9gimen de <strong>concurrencia competitiva<\/strong><\/li>\n\n\n\n<li>Evaluaci\u00f3n en dos fases:\n<ul>\n<li>Capacidad acreditada de la entidad solicitante<\/li>\n\n\n\n<li>Calidad t\u00e9cnica, idoneidad y coherencia del proyecto formativo<\/li>\n<\/ul>\n<\/li>\n\n\n\n<li>La ejecuci\u00f3n de los proyectos podr\u00e1 realizarse durante <strong>un a\u00f1o desde la resoluci\u00f3n de concesi\u00f3n<\/strong><\/li>\n<\/ul>\n\n\n\n<h2 class=\"wp-block-heading\" style=\"text-transform:uppercase\">Normativa de referencia<\/h2>\n\n\n\n<p>Esta convocatoria se rige, entre otras, por las siguientes normas:<\/p>\n\n\n\n<ul>\n<li>Ley 30\/2015, de 9 de septiembre<\/li>\n\n\n\n<li>Real Decreto 694\/2017, de 3 de julio<\/li>\n\n\n\n<li>Orden TMS\/368\/2019, de 28 de marzo<\/li>\n\n\n\n<li>Ley 3\/2023, de 28 de febrero, de Empleo<\/li>\n<\/ul>\n\n\n\n<h2 class=\"wp-block-heading\" style=\"text-transform:uppercase\">M\u00e1s informaci\u00f3n<\/h2>\n\n\n\n<p>El texto completo de la Resoluci\u00f3n, as\u00ed como los anexos y modelos de solicitud, se encuentran disponibles en:<\/p>\n\n\n\n<ul>\n<li>Portal del SEF: <strong>www.sefcarm.es<\/strong><\/li>\n\n\n\n<li>Sede electr\u00f3nica de la CARM<\/li>\n<\/ul>\n\n\n\n<p>Para m\u00e1s informaci\u00f3n, visita el siguiente enlace:<\/p>\n\n\n\n<div class=\"wp-block-buttons is-content-justification-center is-layout-flex wp-container-core-buttons-layout-1 wp-block-buttons-is-layout-flex\">\n<div class=\"wp-block-button\"><a class=\"wp-block-button__link wp-element-button\" href=\"https:\/\/www.carm.es\/web\/pagina?IDCONTENIDO=123366&amp;IDTIPO=10&amp;RASTRO=c$m122,70\" target=\"_blank\" rel=\"noreferrer noopener\">Ver convocatoria<\/a><\/div>\n<\/div>\n\n\n\n<p><\/p>\n\n\n\n<p class=\"has-text-align-center\" style=\"font-size:24px\">Echa un vistazo a nuestro cat\u00e1logo completo&nbsp;<a href=\"https:\/\/dgformacion.com\/categoria-curso\/contenido-en-formato-digital\/certificados-de-profesionalidad\/\" target=\"_blank\" rel=\"noreferrer noopener\">pinchando aqu\u00ed<\/a>.<\/p>\n\n\n\n<p class=\"has-text-align-center\">Contacta con nosotros a trav\u00e9s del 914 32 02 02, o info@dgformacion.com.<\/p>\n","protected":false},"excerpt":{"rendered":"<p>La Consejer\u00eda de Empresa, Empleo y Econom\u00eda Social, a trav\u00e9s del Servicio Regional de Empleo y Formaci\u00f3n (SEF), ha publicado la Resoluci\u00f3n de 24 de abril de 2026 por la que se aprueba la convocatoria de subvenciones destinadas a la realizaci\u00f3n de proyectos de formaci\u00f3n dirigidos a personas trabajadoras desempleadas en la Regi\u00f3n de Murcia, &hellip;<\/p>\n","protected":false},"author":2,"featured_media":1537,"comment_status":"closed","ping_status":"open","sticky":false,"template":"","format":"standard","meta":{"footnotes":"","_jetpack_memberships_contains_paid_content":false},"categories":[4],"tags":[31,222,19,229,227,228,67],"jetpack_sharing_enabled":true,"jetpack_featured_media_url":"https:\/\/blog.dgformacion.com\/wp-content\/uploads\/2026\/04\/Mailing.png","_links":{"self":[{"href":"https:\/\/blog.dgformacion.com\/index.php?rest_route=\/wp\/v2\/posts\/1535"}],"collection":[{"href":"https:\/\/blog.dgformacion.com\/index.php?rest_route=\/wp\/v2\/posts"}],"about":[{"href":"https:\/\/blog.dgformacion.com\/index.php?rest_route=\/wp\/v2\/types\/post"}],"author":[{"embeddable":true,"href":"https:\/\/blog.dgformacion.com\/index.php?rest_route=\/wp\/v2\/users\/2"}],"replies":[{"embeddable":true,"href":"https:\/\/blog.dgformacion.com\/index.php?rest_route=%2Fwp%2Fv2%2Fcomments&post=1535"}],"version-history":[{"count":6,"href":"https:\/\/blog.dgformacion.com\/index.php?rest_route=\/wp\/v2\/posts\/1535\/revisions"}],"predecessor-version":[{"id":1543,"href":"https:\/\/blog.dgformacion.com\/index.php?rest_route=\/wp\/v2\/posts\/1535\/revisions\/1543"}],"wp:featuredmedia":[{"embeddable":true,"href":"https:\/\/blog.dgformacion.com\/index.php?rest_route=\/wp\/v2\/media\/1537"}],"wp:attachment":[{"href":"https:\/\/blog.dgformacion.com\/index.php?rest_route=%2Fwp%2Fv2%2Fmedia&parent=1535"}],"wp:term":[{"taxonomy":"category","embeddable":true,"href":"https:\/\/blog.dgformacion.com\/index.php?rest_route=%2Fwp%2Fv2%2Fcategories&post=1535"},{"taxonomy":"post_tag","embeddable":true,"href":"https:\/\/blog.dgformacion.com\/index.php?rest_route=%2Fwp%2Fv2%2Ftags&post=1535"}],"curies":[{"name":"wp","href":"https:\/\/api.w.org\/{rel}","templated":true}]}}