{"id":1544,"date":"2026-04-29T14:07:56","date_gmt":"2026-04-29T13:07:56","guid":{"rendered":"https:\/\/blog.dgformacion.com\/?p=1544"},"modified":"2026-04-29T14:18:13","modified_gmt":"2026-04-29T13:18:13","slug":"subvenciones-para-proyectos-de-formacion-con-certificacion-oficial-dirigidos-a-personas-desempleadas-murcia-2026","status":"publish","type":"post","link":"https:\/\/blog.dgformacion.com\/?p=1544","title":{"rendered":"Subvenciones destinadas a la realizaci\u00f3n de proyectos de formaci\u00f3n para personas trabajadoras desempleadas en el \u00e1mbito de la Comunidad Aut\u00f3noma de la Regi\u00f3n de Murcia para 2026 (EDUCACI\u00d3N)"},"content":{"rendered":"\n<p>La Direcci\u00f3n General del Servicio Regional de Empleo y Formaci\u00f3n (SEF) ha publicado la <strong>Resoluci\u00f3n de 27 de abril de 2026<\/strong>, por la que se aprueba la <strong>convocatoria de subvenciones destinadas a la realizaci\u00f3n de proyectos de formaci\u00f3n de oferta dirigidos a personas trabajadoras desempleadas<\/strong>, en el \u00e1mbito de la Comunidad Aut\u00f3noma de la Regi\u00f3n de Murcia.<\/p>\n\n\n\n<p>Esta convocatoria, conocida como <strong>\u201cv\u00eda Educaci\u00f3n\u201d<\/strong>, se enmarca en el nuevo <strong>Sistema de Formaci\u00f3n Profesional<\/strong> regulado por la Ley Org\u00e1nica 3\/2022 y el Real Decreto 659\/2023, y supone una <strong>oportunidad clave para las entidades de formaci\u00f3n acreditadas<\/strong> que quieran desarrollar proyectos orientados a la empleabilidad, la recualificaci\u00f3n profesional y los sectores con mayor proyecci\u00f3n.<\/p>\n\n\n\n<h2 class=\"wp-block-heading\">\u00bfCu\u00e1l es el objeto de la convocatoria?<\/h2>\n\n\n\n<p>El objetivo principal de esta convocatoria es <strong>financiar proyectos de formaci\u00f3n dirigidos a personas desempleadas<\/strong>, especialmente aquellas que presentan <strong>mayores dificultades de inserci\u00f3n laboral<\/strong>, como:<\/p>\n\n\n\n<ul>\n<li>Personas j\u00f3venes<\/li>\n\n\n\n<li>Personas desempleadas de larga duraci\u00f3n<\/li>\n\n\n\n<li>Mujeres<\/li>\n\n\n\n<li>Personas con discapacidad<\/li>\n\n\n\n<li>Personas en riesgo o situaci\u00f3n de exclusi\u00f3n social<\/li>\n\n\n\n<li>V\u00edctimas de violencia de g\u00e9nero<\/li>\n\n\n\n<li>Personas refugiadas<\/li>\n<\/ul>\n\n\n\n<p>Los proyectos deber\u00e1n dise\u00f1arse para <strong>mejorar la empleabilidad<\/strong>, facilitar la <strong>recualificaci\u00f3n profesional<\/strong>, responder a las <strong>necesidades reales del tejido productivo<\/strong> y favorecer el acceso al empleo en sectores emergentes.<\/p>\n\n\n\n<h2 class=\"wp-block-heading\">Programas de formaci\u00f3n incluidos<\/h2>\n\n\n\n<p>La convocatoria contempla <strong>cuatro grandes programas<\/strong>, cada uno con requisitos espec\u00edficos:<\/p>\n\n\n\n<h3 class=\"wp-block-heading\">1. Programa conducente a la obtenci\u00f3n del requisito de acceso a la formaci\u00f3n<\/h3>\n\n\n\n<p>Dirigido a personas que <strong>no cumplen los requisitos de acceso<\/strong> a certificados profesionales de nivel 2 y 3.<br>Incluye obligatoriamente:<\/p>\n\n\n\n<ul>\n<li>Formaci\u00f3n en <strong>competencias clave<\/strong><\/li>\n\n\n\n<li>Acciones formativas complementarias<\/li>\n<\/ul>\n\n\n\n<h3 class=\"wp-block-heading\">2. Programa Recualifica\u2011T<\/h3>\n\n\n\n<p>Orientado a la <strong>recualificaci\u00f3n profesional en el sector servicios<\/strong>, con especial atenci\u00f3n a:<\/p>\n\n\n\n<ul>\n<li>Silver economy<\/li>\n\n\n\n<li>Empleo verde y sostenible<\/li>\n\n\n\n<li>Transformaci\u00f3n digital<\/li>\n\n\n\n<li>Atenci\u00f3n a nuevos modelos de prestaci\u00f3n de servicios<\/li>\n<\/ul>\n\n\n\n<p>Al menos el <strong>75\u202f% de las horas del proyecto<\/strong> debe corresponder a acciones conducentes a <strong>certificados profesionales<\/strong>.<\/p>\n\n\n\n<h3 class=\"wp-block-heading\">3. Programa Sectores Emergentes<\/h3>\n\n\n\n<p>Dirigido a \u00e1mbitos con <strong>alta prospectiva de empleo<\/strong>, fomentando la capacitaci\u00f3n en actividades innovadoras y con impacto econ\u00f3mico y social.<\/p>\n\n\n\n<h3 class=\"wp-block-heading\">4. Programa Industria 4.0 y Nuevas Tecnolog\u00edas<\/h3>\n\n\n\n<p>Proyectos centrados en:<\/p>\n\n\n\n<ul>\n<li>Uso pr\u00e1ctico de la inteligencia artificial<\/li>\n\n\n\n<li>Automatizaci\u00f3n de procesos<\/li>\n\n\n\n<li>Digitalizaci\u00f3n de pymes, aut\u00f3nomos y entidades sociales<\/li>\n<\/ul>\n\n\n\n<h2 class=\"wp-block-heading\">\u00bfQui\u00e9nes pueden ser beneficiarios?<\/h2>\n\n\n\n<p>Podr\u00e1n solicitar estas subvenciones:<\/p>\n\n\n\n<ul>\n<li><strong>Entidades de formaci\u00f3n p\u00fablicas o privadas<\/strong><\/li>\n\n\n\n<li>Debidamente <strong>acreditadas e inscritas<\/strong> en el Registro de Entidades de Formaci\u00f3n del SEF y en el Registro Estatal<\/li>\n\n\n\n<li>Con <strong>presencia en la Regi\u00f3n de Murcia<\/strong><\/li>\n\n\n\n<li>Para impartir formaci\u00f3n en modalidad <strong>presencial, teleformaci\u00f3n o mixta<\/strong><\/li>\n<\/ul>\n\n\n\n<p>Tambi\u00e9n se permiten <strong>agrupaciones de entidades<\/strong>, siempre que cumplan los requisitos establecidos en la convocatoria.<\/p>\n\n\n\n<h2 class=\"wp-block-heading\">Presupuesto y financiaci\u00f3n<\/h2>\n\n\n\n<p>La convocatoria cuenta con un <strong>presupuesto inicial de 1.218.102,00 \u20ac<\/strong>, financiado con fondos del Ministerio de Educaci\u00f3n, Formaci\u00f3n Profesional y Deportes.<\/p>\n\n\n\n<p>Adem\u00e1s, se prev\u00e9 una <strong>posible ampliaci\u00f3n de cr\u00e9dito de hasta 4.000.000 \u20ac<\/strong>, condicionada a la disponibilidad presupuestaria, lo que refuerza el inter\u00e9s estrat\u00e9gico de esta l\u00ednea de subvenciones.<\/p>\n\n\n\n<h2 class=\"wp-block-heading\">Plazo de presentaci\u00f3n de solicitudes<\/h2>\n\n\n\n<p>El <strong>plazo para presentar solicitudes es de 15 d\u00edas h\u00e1biles<\/strong>, contados desde el d\u00eda siguiente a la publicaci\u00f3n del extracto de la convocatoria en el <strong>Bolet\u00edn Oficial de la Regi\u00f3n de Murcia (BORM)<\/strong>.<\/p>\n\n\n\n<p>Las solicitudes deben presentarse exclusivamente por v\u00eda electr\u00f3nica, a trav\u00e9s de la aplicaci\u00f3n <strong>GEFE<\/strong> del SEF.<\/p>\n\n\n\n<h2 class=\"wp-block-heading\">Aspectos clave a tener en cuenta<\/h2>\n\n\n\n<ul>\n<li>Los proyectos se conceden en <strong>r\u00e9gimen de concurrencia competitiva<\/strong><\/li>\n\n\n\n<li>Es fundamental una <strong>correcta definici\u00f3n del colectivo destinatario<\/strong><\/li>\n\n\n\n<li>El dise\u00f1o del proyecto, la metodolog\u00eda y los resultados esperados son <strong>determinantes en la valoraci\u00f3n<\/strong><\/li>\n\n\n\n<li>La coherencia entre objetivos, acciones formativas y necesidades del mercado ser\u00e1 clave<\/li>\n\n\n\n<li>La correcta justificaci\u00f3n t\u00e9cnica y econ\u00f3mica es imprescindible para evitar reintegros<\/li>\n<\/ul>\n\n\n\n<h2 class=\"wp-block-heading\">\u00bfC\u00f3mo puede ayudarte DGF?<\/h2>\n\n\n\n<p>En <strong>DGF<\/strong> acompa\u00f1amos a las entidades de formaci\u00f3n en <strong>todo el ciclo de vida de la subvenci\u00f3n<\/strong>, desde una perspectiva estrat\u00e9gica y t\u00e9cnica:<\/p>\n\n\n\n<p>\u2714\ufe0f An\u00e1lisis de viabilidad del proyecto<br>\u2714\ufe0f Dise\u00f1o t\u00e9cnico alineado con la convocatoria<br>\u2714\ufe0f Preparaci\u00f3n y presentaci\u00f3n de la solicitud<br>\u2714\ufe0f Asesoramiento durante la ejecuci\u00f3n<br>\u2714\ufe0f Justificaci\u00f3n econ\u00f3mica y t\u00e9cnica<\/p>\n\n\n\n<p>Si est\u00e1s valorando presentar un proyecto en esta <strong>Convocatoria Educaci\u00f3n 2026<\/strong>, nuestro equipo puede ayudarte a <strong>maximizar tus opciones de \u00e9xito<\/strong>.<\/p>\n\n\n\n<p>Para m\u00e1s informaci\u00f3n, visita el siguiente enlace:<\/p>\n\n\n\n<div class=\"wp-block-buttons is-content-justification-center is-layout-flex wp-container-core-buttons-layout-1 wp-block-buttons-is-layout-flex\">\n<div class=\"wp-block-button\"><a class=\"wp-block-button__link wp-element-button\" href=\"https:\/\/sede.carm.es\/web\/pagina?IDCONTENIDO=2248&amp;IDTIPO=240&amp;RASTRO=c672$m#seccion-basica\" target=\"_blank\" rel=\"noreferrer noopener\">Ver convocatoria<\/a><\/div>\n<\/div>\n\n\n\n<p>Echa un vistazo a nuestro cat\u00e1logo completo\u00a0<a href=\"https:\/\/dgformacion.com\/categoria-curso\/contenido-en-formato-digital\/certificados-de-profesionalidad\/\" target=\"_blank\" rel=\"noreferrer noopener\">pinchando aqu\u00ed<\/a>.<\/p>\n\n\n\n<p class=\"has-text-align-center\">Contacta con nosotros a trav\u00e9s del 914 32 02 02, o info@dgformacion.com.<\/p>\n","protected":false},"excerpt":{"rendered":"<p>La Direcci\u00f3n General del Servicio Regional de Empleo y Formaci\u00f3n (SEF) ha publicado la Resoluci\u00f3n de 27 de abril de 2026, por la que se aprueba la convocatoria de subvenciones destinadas a la realizaci\u00f3n de proyectos de formaci\u00f3n de oferta dirigidos a personas trabajadoras desempleadas, en el \u00e1mbito de la Comunidad Aut\u00f3noma de la Regi\u00f3n &hellip;<\/p>\n","protected":false},"author":2,"featured_media":1546,"comment_status":"closed","ping_status":"open","sticky":false,"template":"","format":"standard","meta":{"footnotes":"","_jetpack_memberships_contains_paid_content":false},"categories":[4],"tags":[31,222,19,227,228,67],"jetpack_sharing_enabled":true,"jetpack_featured_media_url":"https:\/\/blog.dgformacion.com\/wp-content\/uploads\/2026\/04\/Mailing-Convocatoria-30-de-abril.png","_links":{"self":[{"href":"https:\/\/blog.dgformacion.com\/index.php?rest_route=\/wp\/v2\/posts\/1544"}],"collection":[{"href":"https:\/\/blog.dgformacion.com\/index.php?rest_route=\/wp\/v2\/posts"}],"about":[{"href":"https:\/\/blog.dgformacion.com\/index.php?rest_route=\/wp\/v2\/types\/post"}],"author":[{"embeddable":true,"href":"https:\/\/blog.dgformacion.com\/index.php?rest_route=\/wp\/v2\/users\/2"}],"replies":[{"embeddable":true,"href":"https:\/\/blog.dgformacion.com\/index.php?rest_route=%2Fwp%2Fv2%2Fcomments&post=1544"}],"version-history":[{"count":5,"href":"https:\/\/blog.dgformacion.com\/index.php?rest_route=\/wp\/v2\/posts\/1544\/revisions"}],"predecessor-version":[{"id":1551,"href":"https:\/\/blog.dgformacion.com\/index.php?rest_route=\/wp\/v2\/posts\/1544\/revisions\/1551"}],"wp:featuredmedia":[{"embeddable":true,"href":"https:\/\/blog.dgformacion.com\/index.php?rest_route=\/wp\/v2\/media\/1546"}],"wp:attachment":[{"href":"https:\/\/blog.dgformacion.com\/index.php?rest_route=%2Fwp%2Fv2%2Fmedia&parent=1544"}],"wp:term":[{"taxonomy":"category","embeddable":true,"href":"https:\/\/blog.dgformacion.com\/index.php?rest_route=%2Fwp%2Fv2%2Fcategories&post=1544"},{"taxonomy":"post_tag","embeddable":true,"href":"https:\/\/blog.dgformacion.com\/index.php?rest_route=%2Fwp%2Fv2%2Ftags&post=1544"}],"curies":[{"name":"wp","href":"https:\/\/api.w.org\/{rel}","templated":true}]}}