{"id":156,"date":"2024-05-02T13:02:54","date_gmt":"2024-05-02T12:02:54","guid":{"rendered":"https:\/\/blog.dgformacion.com\/?p=156"},"modified":"2024-07-11T11:45:47","modified_gmt":"2024-07-11T10:45:47","slug":"2-nuevas-subvenciones-de-la-generalitat-valenciana","status":"publish","type":"post","link":"https:\/\/blog.dgformacion.com\/?p=156","title":{"rendered":"2 Nuevas Subvenciones de la Generalitat Valenciana.\u00a0"},"content":{"rendered":"\n<p>La Generalitat Valenciana ha lanzado 2 nuevas convocatorias de subvenciones para la realizaci\u00f3n de acciones formativas no conducentes a la obtenci\u00f3n de certificados de profesionalidad, dirigidas a:<\/p>\n\n\n\n<p>&#8211;<a href=\"https:\/\/labora.gva.es\/es\/entitats-col-laboradores-de-formacio\/2024\/-\/asset_publisher\/5SwBcVKviIUd\/content\/solicitud-de-subvenciones-para-la-realizacion-de-acciones-formativas-dirigidas-prioritariamente-a-personas-ocupadas-2024-correspondientes-a-especialid?redirect=https%3A%2F%2Flabora.gva.es%2Fes%2Fentitats-col-laboradores-de-formacio%2F2024%3Fp_p_id%3D101_INSTANCE_5SwBcVKviIUd%26p_p_lifecycle%3D0%26p_p_state%3Dnormal%26p_p_mode%3Dview%26p_p_col_id%3D_118_INSTANCE_KMf3UKW4OKqX__column-2%26p_p_col_count%3D1\" target=\"_blank\" rel=\"noreferrer noopener\"> <strong>Acciones formativas NO CONDUCENTES a la obtenci\u00f3n de certificados de profesionalidad (Especialidades Formativas), para personas ocupadas 2024<\/strong><\/a><\/p>\n\n\n\n<p>(Hasta el 3 de mayo)<\/p>\n\n\n\n<p><\/p>\n\n\n\n<p>&#8211; <a href=\"https:\/\/labora.gva.es\/es\/entitats-col-laboradores-de-formacio\/2024\/-\/asset_publisher\/5SwBcVKviIUd\/content\/solicitud-de-subvenciones-para-la-realizacion-de-acciones-formativas-dirigidas-prioritariamente-a-personas-ocupadas-con-cargo-al-ejercicio-presupues-3?redirect=https%3A%2F%2Flabora.gva.es%2Fes%2Fentitats-col-laboradores-de-formacio%2F2024%3Fp_p_id%3D101_INSTANCE_5SwBcVKviIUd%26p_p_lifecycle%3D0%26p_p_state%3Dnormal%26p_p_mode%3Dview%26p_p_col_id%3D_118_INSTANCE_KMf3UKW4OKqX__column-2%26p_p_col_count%3D1\" target=\"_blank\" rel=\"noreferrer noopener\"><strong>Acciones formativas CONDUCENTES a la obtenci\u00f3n de Certificados de Profesionalidad, para personas ocupadas con cargo al ejercicio presupuestario 2024<\/strong><\/a><\/p>\n\n\n\n<p><a href=\"https:\/\/labora.gva.es\/es\/entitats-col-laboradores-de-formacio\/2024\/-\/asset_publisher\/5SwBcVKviIUd\/content\/solicitud-de-subvenciones-para-la-realizacion-de-acciones-formativas-dirigidas-prioritariamente-a-personas-ocupadas-con-cargo-al-ejercicio-presupues-3?redirect=https%3A%2F%2Flabora.gva.es%2Fes%2Fentitats-col-laboradores-de-formacio%2F2024%3Fp_p_id%3D101_INSTANCE_5SwBcVKviIUd%26p_p_lifecycle%3D0%26p_p_state%3Dnormal%26p_p_mode%3Dview%26p_p_col_id%3D_118_INSTANCE_KMf3UKW4OKqX__column-2%26p_p_col_count%3D1\" target=\"_blank\" rel=\"noreferrer noopener\"><strong>(<\/strong><\/a>Hasta el 6 de mayo)<\/p>\n\n\n\n<p class=\"has-text-align-center\" style=\"font-size:24px\">Echa un vistazo a nuestro cat\u00e1logo completo&nbsp;<a href=\"https:\/\/dgformacion.com\/categoria-curso\/contenido-en-formato-digital\/certificados-de-profesionalidad\/\" target=\"_blank\" rel=\"noreferrer noopener\">pinchando aqu\u00ed<\/a>.<\/p>\n\n\n\n<p class=\"has-text-align-center\">Contacta con nosotros a trav\u00e9s del 914 32 02 02, o info@dgformacion.com.<\/p>\n\n\n\n<p><\/p>\n","protected":false},"excerpt":{"rendered":"<p>La Generalitat Valenciana ha lanzado 2 nuevas convocatorias de subvenciones para la realizaci\u00f3n de acciones formativas no conducentes a la obtenci\u00f3n de certificados de profesionalidad, dirigidas a: &#8211; Acciones formativas NO CONDUCENTES a la obtenci\u00f3n de certificados de profesionalidad (Especialidades Formativas), para personas ocupadas 2024 (Hasta el 3 de mayo) &#8211; Acciones formativas CONDUCENTES a &hellip;<\/p>\n","protected":false},"author":2,"featured_media":416,"comment_status":"closed","ping_status":"open","sticky":false,"template":"","format":"standard","meta":{"footnotes":"","_jetpack_memberships_contains_paid_content":false},"categories":[4],"tags":[9,78,62,67],"jetpack_sharing_enabled":true,"jetpack_featured_media_url":"https:\/\/blog.dgformacion.com\/wp-content\/uploads\/2024\/05\/persOcupValencia_VAL-1.png","_links":{"self":[{"href":"https:\/\/blog.dgformacion.com\/index.php?rest_route=\/wp\/v2\/posts\/156"}],"collection":[{"href":"https:\/\/blog.dgformacion.com\/index.php?rest_route=\/wp\/v2\/posts"}],"about":[{"href":"https:\/\/blog.dgformacion.com\/index.php?rest_route=\/wp\/v2\/types\/post"}],"author":[{"embeddable":true,"href":"https:\/\/blog.dgformacion.com\/index.php?rest_route=\/wp\/v2\/users\/2"}],"replies":[{"embeddable":true,"href":"https:\/\/blog.dgformacion.com\/index.php?rest_route=%2Fwp%2Fv2%2Fcomments&post=156"}],"version-history":[{"count":7,"href":"https:\/\/blog.dgformacion.com\/index.php?rest_route=\/wp\/v2\/posts\/156\/revisions"}],"predecessor-version":[{"id":417,"href":"https:\/\/blog.dgformacion.com\/index.php?rest_route=\/wp\/v2\/posts\/156\/revisions\/417"}],"wp:featuredmedia":[{"embeddable":true,"href":"https:\/\/blog.dgformacion.com\/index.php?rest_route=\/wp\/v2\/media\/416"}],"wp:attachment":[{"href":"https:\/\/blog.dgformacion.com\/index.php?rest_route=%2Fwp%2Fv2%2Fmedia&parent=156"}],"wp:term":[{"taxonomy":"category","embeddable":true,"href":"https:\/\/blog.dgformacion.com\/index.php?rest_route=%2Fwp%2Fv2%2Fcategories&post=156"},{"taxonomy":"post_tag","embeddable":true,"href":"https:\/\/blog.dgformacion.com\/index.php?rest_route=%2Fwp%2Fv2%2Ftags&post=156"}],"curies":[{"name":"wp","href":"https:\/\/api.w.org\/{rel}","templated":true}]}}