{"id":163,"date":"2024-05-02T13:39:10","date_gmt":"2024-05-02T12:39:10","guid":{"rendered":"https:\/\/blog.dgformacion.com\/?p=163"},"modified":"2024-07-11T11:45:36","modified_gmt":"2024-07-11T10:45:36","slug":"se-amplia-en-21-dias-naturales-la-convocatoria-para-subvenciones-publicas-para-la-formacion-mediante-microcreditos","status":"publish","type":"post","link":"https:\/\/blog.dgformacion.com\/?p=163","title":{"rendered":"Se ampl\u00eda en 21 d\u00edas naturales la convocatoria para subvenciones p\u00fablicas para la formaci\u00f3n mediante microcr\u00e9ditos.\u00a0"},"content":{"rendered":"\n<p>El SEPE anuncia una Ampliaci\u00f3n del plazo para resolver la convocatoria para la concesi\u00f3n de subvenciones p\u00fablicas destinadas a la financiaci\u00f3n de formaci\u00f3n mediante microcr\u00e9ditos. <\/p>\n\n\n\n<p>Se concede una ampliaci\u00f3n de 21 d\u00edas naturales, a contar desde la finalizaci\u00f3n del plazo establecido en la Resoluci\u00f3n de la Dir. General del SEPE (de 20 de febrero, 2024).<\/p>\n\n\n\n<p>Para m\u00e1s informaci\u00f3n, <a href=\"https:\/\/www.fundae.es\/actualidad\/noticias\/detallenoticia\/2024\/04\/29\/ampliado-el-plazo-de-la-convocatoria-de-microcr%c3%a9ditos-para-la-adquisici%c3%b3n-de-nuevas-competencias-para-la-transformaci%c3%b3n-digital-verde-y-productiva\" data-type=\"link\" data-id=\"https:\/\/www.fundae.es\/actualidad\/noticias\/detallenoticia\/2024\/04\/29\/ampliado-el-plazo-de-la-convocatoria-de-microcr%c3%a9ditos-para-la-adquisici%c3%b3n-de-nuevas-competencias-para-la-transformaci%c3%b3n-digital-verde-y-productiva\" target=\"_blank\" rel=\"noreferrer noopener\"><strong>visita el siguiente enlace<\/strong>.<\/a><\/p>\n\n\n\n<p class=\"has-text-align-center\" style=\"font-size:24px\">Echa un vistazo a nuestro cat\u00e1logo completo&nbsp;<a href=\"https:\/\/dgformacion.com\/categoria-curso\/contenido-en-formato-digital\/certificados-de-profesionalidad\/\" target=\"_blank\" rel=\"noreferrer noopener\">pinchando aqu\u00ed<\/a>.<\/p>\n\n\n\n<p class=\"has-text-align-center\">Contacta con nosotros a trav\u00e9s del 914 32 02 02, o info@dgformacion.com.<\/p>\n","protected":false},"excerpt":{"rendered":"<p>El SEPE anuncia una Ampliaci\u00f3n del plazo para resolver la convocatoria para la concesi\u00f3n de subvenciones p\u00fablicas destinadas a la financiaci\u00f3n de formaci\u00f3n mediante microcr\u00e9ditos. Se concede una ampliaci\u00f3n de 21 d\u00edas naturales, a contar desde la finalizaci\u00f3n del plazo establecido en la Resoluci\u00f3n de la Dir. General del SEPE (de 20 de febrero, 2024). &hellip;<\/p>\n","protected":false},"author":2,"featured_media":415,"comment_status":"closed","ping_status":"open","sticky":false,"template":"","format":"standard","meta":{"footnotes":"","_jetpack_memberships_contains_paid_content":false},"categories":[4],"tags":[78,7,69,62,67],"jetpack_sharing_enabled":true,"jetpack_featured_media_url":"https:\/\/blog.dgformacion.com\/wp-content\/uploads\/2024\/05\/ampliPlazo_ESP-1.png","_links":{"self":[{"href":"https:\/\/blog.dgformacion.com\/index.php?rest_route=\/wp\/v2\/posts\/163"}],"collection":[{"href":"https:\/\/blog.dgformacion.com\/index.php?rest_route=\/wp\/v2\/posts"}],"about":[{"href":"https:\/\/blog.dgformacion.com\/index.php?rest_route=\/wp\/v2\/types\/post"}],"author":[{"embeddable":true,"href":"https:\/\/blog.dgformacion.com\/index.php?rest_route=\/wp\/v2\/users\/2"}],"replies":[{"embeddable":true,"href":"https:\/\/blog.dgformacion.com\/index.php?rest_route=%2Fwp%2Fv2%2Fcomments&post=163"}],"version-history":[{"count":3,"href":"https:\/\/blog.dgformacion.com\/index.php?rest_route=\/wp\/v2\/posts\/163\/revisions"}],"predecessor-version":[{"id":278,"href":"https:\/\/blog.dgformacion.com\/index.php?rest_route=\/wp\/v2\/posts\/163\/revisions\/278"}],"wp:featuredmedia":[{"embeddable":true,"href":"https:\/\/blog.dgformacion.com\/index.php?rest_route=\/wp\/v2\/media\/415"}],"wp:attachment":[{"href":"https:\/\/blog.dgformacion.com\/index.php?rest_route=%2Fwp%2Fv2%2Fmedia&parent=163"}],"wp:term":[{"taxonomy":"category","embeddable":true,"href":"https:\/\/blog.dgformacion.com\/index.php?rest_route=%2Fwp%2Fv2%2Fcategories&post=163"},{"taxonomy":"post_tag","embeddable":true,"href":"https:\/\/blog.dgformacion.com\/index.php?rest_route=%2Fwp%2Fv2%2Ftags&post=163"}],"curies":[{"name":"wp","href":"https:\/\/api.w.org\/{rel}","templated":true}]}}