{"id":1714,"date":"2026-09-01T16:12:19","date_gmt":"2026-09-01T15:12:19","guid":{"rendered":"https:\/\/blog.dgformacion.com\/?p=1714"},"modified":"2026-09-01T16:12:20","modified_gmt":"2026-09-01T15:12:20","slug":"la-feprl-publica-cinco-convocatorias-de-subvenciones-para-formacion-en-prevencion-de-riesgos-laborales","status":"publish","type":"post","link":"https:\/\/blog.dgformacion.com\/?p=1714","title":{"rendered":"La FEPRL publica cinco convocatorias de subvenciones para formaci\u00f3n en prevenci\u00f3n de riesgos laborales"},"content":{"rendered":"\n<p>La Fundaci\u00f3n Estatal para la Prevenci\u00f3n de Riesgos Laborales (FEPRL) ha publicado en el Bolet\u00edn Oficial del Estado (BOE) los extractos de cinco convocatorias de subvenciones correspondientes al ejercicio 2025, dirigidas a la realizaci\u00f3n de acciones de formaci\u00f3n en el \u00e1mbito de la prevenci\u00f3n de riesgos laborales.<\/p>\n\n\n\n<p>En conjunto, las cinco convocatorias movilizan <strong>35.404.456,17 \u20ac<\/strong> en financiaci\u00f3n p\u00fablica, y el plazo para la presentaci\u00f3n de solicitudes finaliza el <strong>2 de octubre de 2026<\/strong>.<\/p>\n\n\n\n<h2 class=\"wp-block-heading\">\u00bfQu\u00e9 convocatorias se han publicado?<\/h2>\n\n\n\n<p>Las cinco l\u00edneas publicadas, todas correspondientes al ejercicio 2025, son las siguientes:<\/p>\n\n\n\n<ol>\n<li><strong>Acciones intersectoriales 2025<\/strong>, en el \u00e1mbito de la prevenci\u00f3n de riesgos laborales, con una financiaci\u00f3n de <strong>2.090.599,28 \u20ac<\/strong>.<\/li>\n\n\n\n<li><strong>Acciones sectoriales 2025<\/strong>, en el \u00e1mbito de la prevenci\u00f3n de riesgos laborales, con una financiaci\u00f3n de <strong>8.362.397,12 \u20ac<\/strong>.<\/li>\n\n\n\n<li><strong>Actuaciones en el \u00e1mbito intersectorial contempladas en la Estrategia Espa\u00f1ola de Seguridad y Salud en el Trabajo 2023-2027<\/strong> para el ejercicio 2025, con una financiaci\u00f3n de <strong>4.976.861,96 \u20ac<\/strong>.<\/li>\n\n\n\n<li><strong>Acciones territoriales para Ceuta y Melilla del ejercicio 2025<\/strong>, con una financiaci\u00f3n de <strong>67.149,99 \u20ac<\/strong>, de los cuales 44.393,48 \u20ac corresponden a la Ciudad Aut\u00f3noma de Ceuta y 22.756,51 \u20ac a la Ciudad Aut\u00f3noma de Melilla.<\/li>\n\n\n\n<li><strong>Acciones sectoriales contempladas en la Estrategia Espa\u00f1ola de Seguridad y Salud en el Trabajo 2023-2027<\/strong> para el a\u00f1o 2025, con una financiaci\u00f3n de <strong>19.907.447,82 \u20ac<\/strong>.<\/li>\n<\/ol>\n\n\n\n<h2 class=\"wp-block-heading\">Datos clave de la convocatoria<\/h2>\n\n\n\n<ul>\n<li><strong>Organismo:<\/strong> Fundaci\u00f3n Estatal para la Prevenci\u00f3n de Riesgos Laborales (FEPRL).<\/li>\n\n\n\n<li><strong>Financiaci\u00f3n conjunta:<\/strong> 35.404.456,17 \u20ac.<\/li>\n\n\n\n<li><strong>\u00c1mbito:<\/strong> estatal, con una l\u00ednea espec\u00edfica para las Ciudades Aut\u00f3nomas de Ceuta y Melilla.<\/li>\n\n\n\n<li><strong>Bolet\u00edn oficial:<\/strong> BOE.<\/li>\n\n\n\n<li><strong>Ejercicio:<\/strong> 2025.<\/li>\n\n\n\n<li><strong>Plazo de solicitud:<\/strong> hasta el 2 de octubre de 2026.<\/li>\n<\/ul>\n\n\n\n<h2 class=\"wp-block-heading\">\u00bfPor qu\u00e9 es relevante esta publicaci\u00f3n?<\/h2>\n\n\n\n<p>Las cinco convocatorias cubren distintos niveles de actuaci\u00f3n en materia de prevenci\u00f3n de riesgos laborales: desde acciones de \u00e1mbito intersectorial y sectorial, hasta las actuaciones vinculadas espec\u00edficamente a la Estrategia Espa\u00f1ola de Seguridad y Salud en el Trabajo 2023-2027, pasando por una l\u00ednea territorial para Ceuta y Melilla. Esta variedad permite que organizaciones de distintos sectores y \u00e1mbitos de actuaci\u00f3n puedan encontrar la l\u00ednea que mejor se ajusta a su proyecto formativo en PRL.<\/p>\n\n\n\n<p>Con m\u00e1s de dos meses por delante hasta el cierre del plazo (2 de octubre de 2026), las entidades interesadas tienen margen para preparar su solicitud, definir el proyecto formativo y reunir la documentaci\u00f3n necesaria.<\/p>\n","protected":false},"excerpt":{"rendered":"<p>La Fundaci\u00f3n Estatal para la Prevenci\u00f3n de Riesgos Laborales (FEPRL) ha publicado en el Bolet\u00edn Oficial del Estado (BOE) los extractos de cinco convocatorias de subvenciones correspondientes al ejercicio 2025, dirigidas a la realizaci\u00f3n de acciones de formaci\u00f3n en el \u00e1mbito de la prevenci\u00f3n de riesgos laborales. En conjunto, las cinco convocatorias movilizan 35.404.456,17 \u20ac &hellip;<\/p>\n","protected":false},"author":2,"featured_media":1715,"comment_status":"closed","ping_status":"open","sticky":false,"template":"","format":"standard","meta":{"footnotes":"","_jetpack_memberships_contains_paid_content":false},"categories":[4],"tags":[31,78,90,19,67],"jetpack_sharing_enabled":true,"jetpack_featured_media_url":"https:\/\/blog.dgformacion.com\/wp-content\/uploads\/2026\/09\/feprl_prl_2025_blog_thumbnail.png","_links":{"self":[{"href":"https:\/\/blog.dgformacion.com\/index.php?rest_route=\/wp\/v2\/posts\/1714"}],"collection":[{"href":"https:\/\/blog.dgformacion.com\/index.php?rest_route=\/wp\/v2\/posts"}],"about":[{"href":"https:\/\/blog.dgformacion.com\/index.php?rest_route=\/wp\/v2\/types\/post"}],"author":[{"embeddable":true,"href":"https:\/\/blog.dgformacion.com\/index.php?rest_route=\/wp\/v2\/users\/2"}],"replies":[{"embeddable":true,"href":"https:\/\/blog.dgformacion.com\/index.php?rest_route=%2Fwp%2Fv2%2Fcomments&post=1714"}],"version-history":[{"count":1,"href":"https:\/\/blog.dgformacion.com\/index.php?rest_route=\/wp\/v2\/posts\/1714\/revisions"}],"predecessor-version":[{"id":1716,"href":"https:\/\/blog.dgformacion.com\/index.php?rest_route=\/wp\/v2\/posts\/1714\/revisions\/1716"}],"wp:featuredmedia":[{"embeddable":true,"href":"https:\/\/blog.dgformacion.com\/index.php?rest_route=\/wp\/v2\/media\/1715"}],"wp:attachment":[{"href":"https:\/\/blog.dgformacion.com\/index.php?rest_route=%2Fwp%2Fv2%2Fmedia&parent=1714"}],"wp:term":[{"taxonomy":"category","embeddable":true,"href":"https:\/\/blog.dgformacion.com\/index.php?rest_route=%2Fwp%2Fv2%2Fcategories&post=1714"},{"taxonomy":"post_tag","embeddable":true,"href":"https:\/\/blog.dgformacion.com\/index.php?rest_route=%2Fwp%2Fv2%2Ftags&post=1714"}],"curies":[{"name":"wp","href":"https:\/\/api.w.org\/{rel}","templated":true}]}}