{"id":217,"date":"2024-05-15T11:06:30","date_gmt":"2024-05-15T10:06:30","guid":{"rendered":"https:\/\/blog.dgformacion.com\/?p=217"},"modified":"2024-10-02T13:10:46","modified_gmt":"2024-10-02T12:10:46","slug":"expo-elearning-5-y-6-de-marzo-2024","status":"publish","type":"post","link":"https:\/\/blog.dgformacion.com\/?p=217","title":{"rendered":"EXPO eLEARNING &#8211; 5 y 6 de marzo, 2024"},"content":{"rendered":"<div class=\"wp-block-image\">\n<figure class=\"aligncenter size-large is-resized\"><img decoding=\"async\" src=\"https:\/\/blog.dgformacion.com\/wp-content\/uploads\/2024\/05\/marzoEXPOeLearning-edited.jpg\" alt=\"\" class=\"wp-image-219\" style=\"width:720px\"\/><\/figure><\/div>\n\n\n<p>Marzo fue un mes muy ajetreado, en el que no par\u00e1bamos de asistir a ponencias y congresos, de impartir charlas y seminarios, de conocer gente nueva y estrechar a\u00fan m\u00e1s los lazos que mantenemos con algunos de vosotros durante ya unos cuantos a\u00f1os.<\/p>\n\n\n<div class=\"wp-block-image\">\n<figure class=\"aligncenter size-large is-resized\"><img loading=\"lazy\" decoding=\"async\" width=\"1024\" height=\"1024\" src=\"https:\/\/blog.dgformacion.com\/wp-content\/uploads\/2024\/05\/marzoEXPOeLearning03-1024x1024.png\" alt=\"\" class=\"wp-image-221\" style=\"width:520px\" srcset=\"https:\/\/blog.dgformacion.com\/wp-content\/uploads\/2024\/05\/marzoEXPOeLearning03-1024x1024.png 1024w, https:\/\/blog.dgformacion.com\/wp-content\/uploads\/2024\/05\/marzoEXPOeLearning03-300x300.png 300w, https:\/\/blog.dgformacion.com\/wp-content\/uploads\/2024\/05\/marzoEXPOeLearning03-150x150.png 150w, https:\/\/blog.dgformacion.com\/wp-content\/uploads\/2024\/05\/marzoEXPOeLearning03-768x768.png 768w, https:\/\/blog.dgformacion.com\/wp-content\/uploads\/2024\/05\/marzoEXPOeLearning03-1536x1536.png 1536w, https:\/\/blog.dgformacion.com\/wp-content\/uploads\/2024\/05\/marzoEXPOeLearning03.png 1620w\" sizes=\"(max-width: 1024px) 100vw, 1024px\" \/><\/figure><\/div>\n\n\n<p>El primero de estos eventos fue la EXPO eLEARNING 2024, en el Teatro Goya de Madrid. Descubrimos las tendencias emergentes del sector, y dimos a conocer nuestro conocimiento experto en plataformas LMS y nuestro amplio cat\u00e1logo de contenidos, a la vez que \u00edbamos expandiendo nuestras agendas a trav\u00e9s del networking. Y no solo eso\u2026 \u00a1fuimos nominados finalistas a la Mejor Iniciativa Emprendedora, lo cual supuso un enorme orgullo y satisfacci\u00f3n que se reconociesen nuestros esfuerzos!<\/p>\n\n\n\n<p>Como todos los a\u00f1os, EXPO eLEARNING ha demostrado lo relevante que es para nuestro sector este tipo de eventos. Una vez m\u00e1s, \u00a1muchas gracias!<\/p>\n\n\n<div class=\"wp-block-image\">\n<figure class=\"aligncenter size-large is-resized\"><img loading=\"lazy\" decoding=\"async\" width=\"1024\" height=\"1024\" src=\"https:\/\/blog.dgformacion.com\/wp-content\/uploads\/2024\/05\/marzoEXPOeLearning02-1024x1024.png\" alt=\"\" class=\"wp-image-222\" style=\"width:466px;height:auto\" srcset=\"https:\/\/blog.dgformacion.com\/wp-content\/uploads\/2024\/05\/marzoEXPOeLearning02-1024x1024.png 1024w, https:\/\/blog.dgformacion.com\/wp-content\/uploads\/2024\/05\/marzoEXPOeLearning02-300x300.png 300w, https:\/\/blog.dgformacion.com\/wp-content\/uploads\/2024\/05\/marzoEXPOeLearning02-150x150.png 150w, https:\/\/blog.dgformacion.com\/wp-content\/uploads\/2024\/05\/marzoEXPOeLearning02-768x768.png 768w, https:\/\/blog.dgformacion.com\/wp-content\/uploads\/2024\/05\/marzoEXPOeLearning02-1536x1536.png 1536w, https:\/\/blog.dgformacion.com\/wp-content\/uploads\/2024\/05\/marzoEXPOeLearning02.png 1620w\" sizes=\"(max-width: 1024px) 100vw, 1024px\" \/><\/figure><\/div>\n\n\n<hr class=\"wp-block-separator has-alpha-channel-opacity is-style-wide\"\/>\n\n\n\n<p class=\"has-text-align-center\" style=\"font-size:24px\">Echa un vistazo a nuestro cat\u00e1logo completo&nbsp;<a href=\"https:\/\/dgformacion.com\/categoria-curso\/contenido-en-formato-digital\/certificados-de-profesionalidad\/\" target=\"_blank\" rel=\"noreferrer noopener\">pinchando aqu\u00ed<\/a>.<\/p>\n\n\n\n<p class=\"has-text-align-center\" style=\"font-size:16px\">Contacta con nosotros a trav\u00e9s del 914 32 02 02, o info@dgformacion.com.<\/p>\n","protected":false},"excerpt":{"rendered":"<p>Marzo fue un mes muy ajetreado, en el que no par\u00e1bamos de asistir a ponencias y congresos, de impartir charlas y seminarios, de conocer gente nueva y estrechar a\u00fan m\u00e1s los lazos que mantenemos con algunos de vosotros durante ya unos cuantos a\u00f1os. El primero de estos eventos fue la EXPO eLEARNING 2024, en el &hellip;<\/p>\n","protected":false},"author":2,"featured_media":588,"comment_status":"closed","ping_status":"open","sticky":false,"template":"","format":"standard","meta":{"footnotes":"","_jetpack_memberships_contains_paid_content":false},"categories":[3],"tags":[34,23,31,33,21,39,19,32,28,20,22,30,17],"jetpack_sharing_enabled":true,"jetpack_featured_media_url":"https:\/\/blog.dgformacion.com\/wp-content\/uploads\/2024\/05\/expoElearning_marzo24.png","_links":{"self":[{"href":"https:\/\/blog.dgformacion.com\/index.php?rest_route=\/wp\/v2\/posts\/217"}],"collection":[{"href":"https:\/\/blog.dgformacion.com\/index.php?rest_route=\/wp\/v2\/posts"}],"about":[{"href":"https:\/\/blog.dgformacion.com\/index.php?rest_route=\/wp\/v2\/types\/post"}],"author":[{"embeddable":true,"href":"https:\/\/blog.dgformacion.com\/index.php?rest_route=\/wp\/v2\/users\/2"}],"replies":[{"embeddable":true,"href":"https:\/\/blog.dgformacion.com\/index.php?rest_route=%2Fwp%2Fv2%2Fcomments&post=217"}],"version-history":[{"count":5,"href":"https:\/\/blog.dgformacion.com\/index.php?rest_route=\/wp\/v2\/posts\/217\/revisions"}],"predecessor-version":[{"id":324,"href":"https:\/\/blog.dgformacion.com\/index.php?rest_route=\/wp\/v2\/posts\/217\/revisions\/324"}],"wp:featuredmedia":[{"embeddable":true,"href":"https:\/\/blog.dgformacion.com\/index.php?rest_route=\/wp\/v2\/media\/588"}],"wp:attachment":[{"href":"https:\/\/blog.dgformacion.com\/index.php?rest_route=%2Fwp%2Fv2%2Fmedia&parent=217"}],"wp:term":[{"taxonomy":"category","embeddable":true,"href":"https:\/\/blog.dgformacion.com\/index.php?rest_route=%2Fwp%2Fv2%2Fcategories&post=217"},{"taxonomy":"post_tag","embeddable":true,"href":"https:\/\/blog.dgformacion.com\/index.php?rest_route=%2Fwp%2Fv2%2Ftags&post=217"}],"curies":[{"name":"wp","href":"https:\/\/api.w.org\/{rel}","templated":true}]}}