{"id":224,"date":"2024-05-15T11:14:02","date_gmt":"2024-05-15T10:14:02","guid":{"rendered":"https:\/\/blog.dgformacion.com\/?p=224"},"modified":"2024-09-27T11:22:19","modified_gmt":"2024-09-27T10:22:19","slug":"expoformacion-2024-7-de-marzo-2024","status":"publish","type":"post","link":"https:\/\/blog.dgformacion.com\/?p=224","title":{"rendered":"ExpoFormaci\u00f3n 2024 &#8211; 7 de marzo, 2024"},"content":{"rendered":"\n<p>El segundo evento en el que participamos durante la semana de la educaci\u00f3n fue el esperado ExpoFormaci\u00f3n de AENOA. Nuestras compa\u00f1eras, Carmela de la Torre, Teresa Fern\u00e1ndez, y Gema Granizo, montaron un stand muy productivo en el que pudimos conversar con muchos de vosotros sobre lo que m\u00e1s nos apasiona: la formaci\u00f3n.<\/p>\n\n\n<div class=\"wp-block-image\">\n<figure class=\"aligncenter size-large is-resized\"><img loading=\"lazy\" decoding=\"async\" width=\"1024\" height=\"1024\" src=\"https:\/\/blog.dgformacion.com\/wp-content\/uploads\/2024\/05\/marzo24expoFormacionAEOA03-1024x1024.png\" alt=\"\" class=\"wp-image-225\" style=\"width:707px;height:auto\" srcset=\"https:\/\/blog.dgformacion.com\/wp-content\/uploads\/2024\/05\/marzo24expoFormacionAEOA03-1024x1024.png 1024w, https:\/\/blog.dgformacion.com\/wp-content\/uploads\/2024\/05\/marzo24expoFormacionAEOA03-300x300.png 300w, https:\/\/blog.dgformacion.com\/wp-content\/uploads\/2024\/05\/marzo24expoFormacionAEOA03-150x150.png 150w, https:\/\/blog.dgformacion.com\/wp-content\/uploads\/2024\/05\/marzo24expoFormacionAEOA03-768x768.png 768w, https:\/\/blog.dgformacion.com\/wp-content\/uploads\/2024\/05\/marzo24expoFormacionAEOA03.png 1080w\" sizes=\"(max-width: 1024px) 100vw, 1024px\" \/><\/figure><\/div>\n\n\n<p>Pudimos participar en la mesa redonda de mediod\u00eda, contrastando ideas con otros l\u00edderes del sector, y nuestra compa\u00f1era Gema Granizo dio una charla por la tarde. Muchas gracias por asistir y demostrar ese inter\u00e9s que ten\u00e9is en nosotros y en la formaci\u00f3n. \u00a1Hasta pronto!<\/p>\n\n\n\n<hr class=\"wp-block-separator has-alpha-channel-opacity is-style-wide\"\/>\n\n\n\n<p class=\"has-text-align-center\" style=\"font-size:24px\">Echa un vistazo a nuestro cat\u00e1logo completo&nbsp;<a href=\"https:\/\/dgformacion.com\/categoria-curso\/contenido-en-formato-digital\/certificados-de-profesionalidad\/\" target=\"_blank\" rel=\"noreferrer noopener\">pinchando aqu\u00ed<\/a>.<\/p>\n\n\n\n<p class=\"has-text-align-center\" style=\"font-size:16px\">Contacta con nosotros a trav\u00e9s del 914 32 02 02, o info@dgformacion.com.<\/p>\n","protected":false},"excerpt":{"rendered":"<p>El segundo evento en el que participamos durante la semana de la educaci\u00f3n fue el esperado ExpoFormaci\u00f3n de AENOA. Nuestras compa\u00f1eras, Carmela de la Torre, Teresa Fern\u00e1ndez, y Gema Granizo, montaron un stand muy productivo en el que pudimos conversar con muchos de vosotros sobre lo que m\u00e1s nos apasiona: la formaci\u00f3n. Pudimos participar en &hellip;<\/p>\n","protected":false},"author":2,"featured_media":575,"comment_status":"closed","ping_status":"open","sticky":false,"template":"","format":"standard","meta":{"footnotes":"","_jetpack_memberships_contains_paid_content":false},"categories":[3],"tags":[34,23,31,33,21,40,19,32,28,20,22,30,17],"jetpack_sharing_enabled":true,"jetpack_featured_media_url":"https:\/\/blog.dgformacion.com\/wp-content\/uploads\/2024\/05\/expoAENOA_marzo24.png","_links":{"self":[{"href":"https:\/\/blog.dgformacion.com\/index.php?rest_route=\/wp\/v2\/posts\/224"}],"collection":[{"href":"https:\/\/blog.dgformacion.com\/index.php?rest_route=\/wp\/v2\/posts"}],"about":[{"href":"https:\/\/blog.dgformacion.com\/index.php?rest_route=\/wp\/v2\/types\/post"}],"author":[{"embeddable":true,"href":"https:\/\/blog.dgformacion.com\/index.php?rest_route=\/wp\/v2\/users\/2"}],"replies":[{"embeddable":true,"href":"https:\/\/blog.dgformacion.com\/index.php?rest_route=%2Fwp%2Fv2%2Fcomments&post=224"}],"version-history":[{"count":5,"href":"https:\/\/blog.dgformacion.com\/index.php?rest_route=\/wp\/v2\/posts\/224\/revisions"}],"predecessor-version":[{"id":327,"href":"https:\/\/blog.dgformacion.com\/index.php?rest_route=\/wp\/v2\/posts\/224\/revisions\/327"}],"wp:featuredmedia":[{"embeddable":true,"href":"https:\/\/blog.dgformacion.com\/index.php?rest_route=\/wp\/v2\/media\/575"}],"wp:attachment":[{"href":"https:\/\/blog.dgformacion.com\/index.php?rest_route=%2Fwp%2Fv2%2Fmedia&parent=224"}],"wp:term":[{"taxonomy":"category","embeddable":true,"href":"https:\/\/blog.dgformacion.com\/index.php?rest_route=%2Fwp%2Fv2%2Fcategories&post=224"},{"taxonomy":"post_tag","embeddable":true,"href":"https:\/\/blog.dgformacion.com\/index.php?rest_route=%2Fwp%2Fv2%2Ftags&post=224"}],"curies":[{"name":"wp","href":"https:\/\/api.w.org\/{rel}","templated":true}]}}