{"id":237,"date":"2024-05-15T12:26:42","date_gmt":"2024-05-15T11:26:42","guid":{"rendered":"https:\/\/blog.dgformacion.com\/?p=237"},"modified":"2024-09-27T11:21:54","modified_gmt":"2024-09-27T10:21:54","slug":"brecha-tecnologica-y-politicas-de-educacion-mayo-2024","status":"publish","type":"post","link":"https:\/\/blog.dgformacion.com\/?p=237","title":{"rendered":"Eventos que analizaron la brecha tecnol\u00f3gica y las pol\u00edticas de educaci\u00f3n &#8211; mayo, 2024"},"content":{"rendered":"\n<p>En el mes de mayo hemos podido disfrutar de dos eventos \u00fanicos, ambos muy relevantes en nuestro d\u00eda a d\u00eda.<\/p>\n\n\n\n<p>El primero de ellos fue el evento \u00abAnatom\u00eda de la Brecha de Talento Tecnol\u00f3gico\u00bb, en El Espacio Downtown de Madrid.<\/p>\n\n\n\n<div class=\"wp-block-jetpack-slideshow\" data-autoplay=\"true\" data-delay=\"3\" data-effect=\"slide\"><div class=\"wp-block-jetpack-slideshow_container swiper-container\"><ul class=\"wp-block-jetpack-slideshow_swiper-wrapper swiper-wrapper\"><li class=\"wp-block-jetpack-slideshow_slide swiper-slide\"><figure><img loading=\"lazy\" decoding=\"async\" width=\"1024\" height=\"768\" alt=\"\" class=\"wp-block-jetpack-slideshow_image wp-image-240\" data-id=\"240\" src=\"https:\/\/blog.dgformacion.com\/wp-content\/uploads\/2024\/05\/mayo24_1-1-1024x768.png\" srcset=\"https:\/\/blog.dgformacion.com\/wp-content\/uploads\/2024\/05\/mayo24_1-1-1024x768.png 1024w, https:\/\/blog.dgformacion.com\/wp-content\/uploads\/2024\/05\/mayo24_1-1-300x225.png 300w, https:\/\/blog.dgformacion.com\/wp-content\/uploads\/2024\/05\/mayo24_1-1-768x576.png 768w, https:\/\/blog.dgformacion.com\/wp-content\/uploads\/2024\/05\/mayo24_1-1-1536x1152.png 1536w, https:\/\/blog.dgformacion.com\/wp-content\/uploads\/2024\/05\/mayo24_1-1.png 1600w\" sizes=\"(max-width: 1024px) 100vw, 1024px\" \/><\/figure><\/li><li class=\"wp-block-jetpack-slideshow_slide swiper-slide\"><figure><img loading=\"lazy\" decoding=\"async\" width=\"1024\" height=\"768\" alt=\"\" class=\"wp-block-jetpack-slideshow_image wp-image-239\" data-id=\"239\" src=\"https:\/\/blog.dgformacion.com\/wp-content\/uploads\/2024\/05\/mayo24_2-1024x768.jpeg\" srcset=\"https:\/\/blog.dgformacion.com\/wp-content\/uploads\/2024\/05\/mayo24_2-1024x768.jpeg 1024w, https:\/\/blog.dgformacion.com\/wp-content\/uploads\/2024\/05\/mayo24_2-300x225.jpeg 300w, https:\/\/blog.dgformacion.com\/wp-content\/uploads\/2024\/05\/mayo24_2-768x576.jpeg 768w, https:\/\/blog.dgformacion.com\/wp-content\/uploads\/2024\/05\/mayo24_2-1536x1152.jpeg 1536w, https:\/\/blog.dgformacion.com\/wp-content\/uploads\/2024\/05\/mayo24_2.jpeg 2048w\" sizes=\"(max-width: 1024px) 100vw, 1024px\" \/><\/figure><\/li><li class=\"wp-block-jetpack-slideshow_slide swiper-slide\"><figure><img loading=\"lazy\" decoding=\"async\" width=\"1024\" height=\"768\" alt=\"\" class=\"wp-block-jetpack-slideshow_image wp-image-241\" data-id=\"241\" src=\"https:\/\/blog.dgformacion.com\/wp-content\/uploads\/2024\/05\/mayo24_4-1024x768.jpeg\" srcset=\"https:\/\/blog.dgformacion.com\/wp-content\/uploads\/2024\/05\/mayo24_4-1024x768.jpeg 1024w, https:\/\/blog.dgformacion.com\/wp-content\/uploads\/2024\/05\/mayo24_4-300x225.jpeg 300w, https:\/\/blog.dgformacion.com\/wp-content\/uploads\/2024\/05\/mayo24_4-768x576.jpeg 768w, https:\/\/blog.dgformacion.com\/wp-content\/uploads\/2024\/05\/mayo24_4-1536x1152.jpeg 1536w, https:\/\/blog.dgformacion.com\/wp-content\/uploads\/2024\/05\/mayo24_4.jpeg 2048w\" sizes=\"(max-width: 1024px) 100vw, 1024px\" \/><\/figure><\/li><li class=\"wp-block-jetpack-slideshow_slide swiper-slide\"><figure><img loading=\"lazy\" decoding=\"async\" width=\"768\" height=\"1024\" alt=\"\" class=\"wp-block-jetpack-slideshow_image wp-image-242\" data-id=\"242\" src=\"https:\/\/blog.dgformacion.com\/wp-content\/uploads\/2024\/05\/mayo24_3-768x1024.jpeg\" srcset=\"https:\/\/blog.dgformacion.com\/wp-content\/uploads\/2024\/05\/mayo24_3-768x1024.jpeg 768w, https:\/\/blog.dgformacion.com\/wp-content\/uploads\/2024\/05\/mayo24_3-225x300.jpeg 225w, https:\/\/blog.dgformacion.com\/wp-content\/uploads\/2024\/05\/mayo24_3-1152x1536.jpeg 1152w, https:\/\/blog.dgformacion.com\/wp-content\/uploads\/2024\/05\/mayo24_3.jpeg 1536w\" sizes=\"(max-width: 768px) 100vw, 768px\" \/><\/figure><\/li><\/ul><a class=\"wp-block-jetpack-slideshow_button-prev swiper-button-prev swiper-button-white\" role=\"button\"><\/a><a class=\"wp-block-jetpack-slideshow_button-next swiper-button-next swiper-button-white\" role=\"button\"><\/a><a aria-label=\"Pause Slideshow\" class=\"wp-block-jetpack-slideshow_button-pause\" role=\"button\"><\/a><div class=\"wp-block-jetpack-slideshow_pagination swiper-pagination swiper-pagination-white\"><\/div><\/div><\/div>\n\n\n\n<p>Pudimos disfrutar de ponencias de Ant\u00f3n Costas, Clara Sanz, Antonio de Luis Acevedo&#8230; entre otros. Gracias a DigitalES por organizarlo y poder ponernos al d\u00eda en materias de tecnolog\u00eda y formaci\u00f3n.<\/p>\n\n\n\n<p>Un par de d\u00edas despu\u00e9s se organiz\u00f3 la jornada \u00abLa empresa y las pol\u00edticas de educaci\u00f3n y formaci\u00f3n\u00bb de la Escuela de Negociaci\u00f3n Empresarial de CEOE. \u00a1Fue muy chulo!<\/p>\n\n\n<div class=\"wp-block-image\">\n<figure class=\"aligncenter size-large\"><img loading=\"lazy\" decoding=\"async\" width=\"1024\" height=\"768\" src=\"https:\/\/blog.dgformacion.com\/wp-content\/uploads\/2024\/05\/mayo24_7-1024x768.jpeg\" alt=\"\" class=\"wp-image-243\" srcset=\"https:\/\/blog.dgformacion.com\/wp-content\/uploads\/2024\/05\/mayo24_7-1024x768.jpeg 1024w, https:\/\/blog.dgformacion.com\/wp-content\/uploads\/2024\/05\/mayo24_7-300x225.jpeg 300w, https:\/\/blog.dgformacion.com\/wp-content\/uploads\/2024\/05\/mayo24_7-768x576.jpeg 768w, https:\/\/blog.dgformacion.com\/wp-content\/uploads\/2024\/05\/mayo24_7-1536x1152.jpeg 1536w, https:\/\/blog.dgformacion.com\/wp-content\/uploads\/2024\/05\/mayo24_7.jpeg 1600w\" sizes=\"(max-width: 1024px) 100vw, 1024px\" \/><\/figure><\/div>\n\n\n<hr class=\"wp-block-separator has-alpha-channel-opacity is-style-wide\"\/>\n\n\n\n<p class=\"has-text-align-center\" style=\"font-size:24px\">Echa un vistazo a nuestro cat\u00e1logo completo&nbsp;<a href=\"https:\/\/dgformacion.com\/categoria-curso\/contenido-en-formato-digital\/certificados-de-profesionalidad\/\" target=\"_blank\" rel=\"noreferrer noopener\">pinchando aqu\u00ed<\/a>.<\/p>\n\n\n\n<p class=\"has-text-align-center\" style=\"font-size:16px\">Contacta con nosotros a trav\u00e9s del 914 32 02 02, o info@dgformacion.com.<\/p>\n","protected":false},"excerpt":{"rendered":"<p>En el mes de mayo hemos podido disfrutar de dos eventos \u00fanicos, ambos muy relevantes en nuestro d\u00eda a d\u00eda. El primero de ellos fue el evento \u00abAnatom\u00eda de la Brecha de Talento Tecnol\u00f3gico\u00bb, en El Espacio Downtown de Madrid. Pudimos disfrutar de ponencias de Ant\u00f3n Costas, Clara Sanz, Antonio de Luis Acevedo&#8230; entre otros. &hellip;<\/p>\n","protected":false},"author":2,"featured_media":573,"comment_status":"closed","ping_status":"open","sticky":false,"template":"","format":"standard","meta":{"footnotes":"","_jetpack_memberships_contains_paid_content":false},"categories":[3],"tags":[34,41,43,23,31,33,44,21,19,32,28,20,22,30,42,17],"jetpack_sharing_enabled":true,"jetpack_featured_media_url":"https:\/\/blog.dgformacion.com\/wp-content\/uploads\/2024\/05\/mayo24.png","_links":{"self":[{"href":"https:\/\/blog.dgformacion.com\/index.php?rest_route=\/wp\/v2\/posts\/237"}],"collection":[{"href":"https:\/\/blog.dgformacion.com\/index.php?rest_route=\/wp\/v2\/posts"}],"about":[{"href":"https:\/\/blog.dgformacion.com\/index.php?rest_route=\/wp\/v2\/types\/post"}],"author":[{"embeddable":true,"href":"https:\/\/blog.dgformacion.com\/index.php?rest_route=\/wp\/v2\/users\/2"}],"replies":[{"embeddable":true,"href":"https:\/\/blog.dgformacion.com\/index.php?rest_route=%2Fwp%2Fv2%2Fcomments&post=237"}],"version-history":[{"count":5,"href":"https:\/\/blog.dgformacion.com\/index.php?rest_route=\/wp\/v2\/posts\/237\/revisions"}],"predecessor-version":[{"id":275,"href":"https:\/\/blog.dgformacion.com\/index.php?rest_route=\/wp\/v2\/posts\/237\/revisions\/275"}],"wp:featuredmedia":[{"embeddable":true,"href":"https:\/\/blog.dgformacion.com\/index.php?rest_route=\/wp\/v2\/media\/573"}],"wp:attachment":[{"href":"https:\/\/blog.dgformacion.com\/index.php?rest_route=%2Fwp%2Fv2%2Fmedia&parent=237"}],"wp:term":[{"taxonomy":"category","embeddable":true,"href":"https:\/\/blog.dgformacion.com\/index.php?rest_route=%2Fwp%2Fv2%2Fcategories&post=237"},{"taxonomy":"post_tag","embeddable":true,"href":"https:\/\/blog.dgformacion.com\/index.php?rest_route=%2Fwp%2Fv2%2Ftags&post=237"}],"curies":[{"name":"wp","href":"https:\/\/api.w.org\/{rel}","templated":true}]}}