{"id":250,"date":"2024-05-22T10:27:01","date_gmt":"2024-05-22T09:27:01","guid":{"rendered":"https:\/\/blog.dgformacion.com\/?p=250"},"modified":"2024-10-03T10:46:30","modified_gmt":"2024-10-03T09:46:30","slug":"subvenciones-a-la-formacion-dirigida-a-personas-trabajadoras-ocupadas-en-la-comunidad-autonoma-de-la-region-de-murcia-para-2024","status":"publish","type":"post","link":"https:\/\/blog.dgformacion.com\/?p=250","title":{"rendered":"Subvenciones a la formaci\u00f3n dirigida a personas trabajadoras ocupadas en la Comunidad Aut\u00f3noma de la Regi\u00f3n de Murcia para 2024.\u00a0"},"content":{"rendered":"\n<p>Se ha publicado en el Bolet\u00edn Oficial de la Regi\u00f3n de Murcia, el Extracto de la Resoluci\u00f3n de 10 de mayo de 2024 de la Direcci\u00f3n General del SEF, de convocatoria de subvenciones de convocatoria de subvenciones destinadas a la realizaci\u00f3n de planes de formaci\u00f3n, correspondientes a la formaci\u00f3n de oferta dirigida a personas trabajadoras ocupadas en el \u00e1mbito de la Comunidad Aut\u00f3noma de la Regi\u00f3n de Murcia para 2024 (SEPE).<\/p>\n\n\n\n<figure class=\"wp-block-table\"><table><tbody><tr><td><strong>Convoca:<\/strong><\/td><td>Regi\u00f3n de Murcia &#8211; CONSEJER\u00cdA DE EDUCACI\u00d3N, FORMACI\u00d3N PROFESIONAL Y EMPLEO<\/td><\/tr><tr><td><strong>Fecha de Solicitud:<\/strong><\/td><td>06\/06\/2024<\/td><\/tr><tr><td><strong>Gestiona:<\/strong><\/td><td>CONSEJER\u00cdA DE EDUCACI\u00d3N, FORMACI\u00d3N PROFESIONAL Y EMPLEO<\/td><\/tr><tr><td><strong>Localizaci\u00f3n de Acciones Subvencionables:<\/strong><\/td><td>Regi\u00f3n de Murcia<\/td><\/tr><tr><td><strong>Objeto:<\/strong><\/td><td>La presente resoluci\u00f3n tiene por objeto convocar, en r\u00e9gimen de concurrencia competitiva, las subvenciones para la realizaci\u00f3n planes de formaci\u00f3n dirigidos a personas trabajadoras ocupadas a desarrollar en el \u00e1mbito de la Comunidad Aut\u00f3noma de la Regi\u00f3n de Murcia para 2024.<\/td><\/tr><tr><td><strong>Categor\u00edas:<\/strong><\/td><td>Educaci\u00f3n y Ciencia Formaci\u00f3n<\/td><\/tr><tr><td><strong>Beneficiarios:<\/strong><\/td><td>Entidades sin \u00e1nimo de lucro Universidades P\u00fablicas y Privadas \/ Centros de Ense\u00f1anza<\/td><\/tr><tr><td><strong>Beneficiarios detalle:<\/strong><\/td><td>Podr\u00e1n ser beneficiarias de estas subvenciones las entidades de formaci\u00f3n p\u00fablicas o privadas, inscritas en el Registro de Entidades de Formaci\u00f3n del SEF y en el Registro Estatal de Entidades de Formaci\u00f3n, para impartir las especialidades formativas objeto de esta convocatoria, ya sea en la modalidad presencial, de teleformaci\u00f3n o mixta, y con presencia en el \u00e1mbito territorial de la Regi\u00f3n de Murcia.<\/td><\/tr><tr><td><strong>Localizaci\u00f3n del Beneficiario:<\/strong><\/td><td>Regi\u00f3n de Murcia<\/td><\/tr><\/tbody><\/table><\/figure>\n\n\n\n<p class=\"has-text-align-center has-large-font-size\"><a href=\"https:\/\/www.borm.es\/services\/anuncio\/ano\/2024\/numero\/2423\/pdf\" target=\"_blank\" rel=\"noreferrer noopener\">Ver PDF<\/a><\/p>\n\n\n\n<p class=\"has-text-align-center\" style=\"font-size:24px\">Echa un vistazo a nuestro cat\u00e1logo completo&nbsp;<a href=\"https:\/\/dgformacion.com\/categoria-curso\/contenido-en-formato-digital\/certificados-de-profesionalidad\/\" target=\"_blank\" rel=\"noreferrer noopener\">pinchando aqu\u00ed<\/a>.<\/p>\n\n\n\n<p class=\"has-text-align-center\">Contacta con nosotros a trav\u00e9s del 914 32 02 02, o info@dgformacion.com.<\/p>\n","protected":false},"excerpt":{"rendered":"<p>Se ha publicado en el Bolet\u00edn Oficial de la Regi\u00f3n de Murcia, el Extracto de la Resoluci\u00f3n de 10 de mayo de 2024 de la Direcci\u00f3n General del SEF, de convocatoria de subvenciones de convocatoria de subvenciones destinadas a la realizaci\u00f3n de planes de formaci\u00f3n, correspondientes a la formaci\u00f3n de oferta dirigida a personas trabajadoras &hellip;<\/p>\n","protected":false},"author":2,"featured_media":611,"comment_status":"closed","ping_status":"open","sticky":false,"template":"","format":"standard","meta":{"footnotes":"","_jetpack_memberships_contains_paid_content":false},"categories":[4],"tags":[62,10,67],"jetpack_sharing_enabled":true,"jetpack_featured_media_url":"https:\/\/blog.dgformacion.com\/wp-content\/uploads\/2024\/05\/trabOcupadas_murcia24.png","_links":{"self":[{"href":"https:\/\/blog.dgformacion.com\/index.php?rest_route=\/wp\/v2\/posts\/250"}],"collection":[{"href":"https:\/\/blog.dgformacion.com\/index.php?rest_route=\/wp\/v2\/posts"}],"about":[{"href":"https:\/\/blog.dgformacion.com\/index.php?rest_route=\/wp\/v2\/types\/post"}],"author":[{"embeddable":true,"href":"https:\/\/blog.dgformacion.com\/index.php?rest_route=\/wp\/v2\/users\/2"}],"replies":[{"embeddable":true,"href":"https:\/\/blog.dgformacion.com\/index.php?rest_route=%2Fwp%2Fv2%2Fcomments&post=250"}],"version-history":[{"count":4,"href":"https:\/\/blog.dgformacion.com\/index.php?rest_route=\/wp\/v2\/posts\/250\/revisions"}],"predecessor-version":[{"id":277,"href":"https:\/\/blog.dgformacion.com\/index.php?rest_route=\/wp\/v2\/posts\/250\/revisions\/277"}],"wp:featuredmedia":[{"embeddable":true,"href":"https:\/\/blog.dgformacion.com\/index.php?rest_route=\/wp\/v2\/media\/611"}],"wp:attachment":[{"href":"https:\/\/blog.dgformacion.com\/index.php?rest_route=%2Fwp%2Fv2%2Fmedia&parent=250"}],"wp:term":[{"taxonomy":"category","embeddable":true,"href":"https:\/\/blog.dgformacion.com\/index.php?rest_route=%2Fwp%2Fv2%2Fcategories&post=250"},{"taxonomy":"post_tag","embeddable":true,"href":"https:\/\/blog.dgformacion.com\/index.php?rest_route=%2Fwp%2Fv2%2Ftags&post=250"}],"curies":[{"name":"wp","href":"https:\/\/api.w.org\/{rel}","templated":true}]}}