{"id":289,"date":"2024-05-29T09:01:26","date_gmt":"2024-05-29T08:01:26","guid":{"rendered":"https:\/\/blog.dgformacion.com\/?p=289"},"modified":"2024-10-03T10:46:14","modified_gmt":"2024-10-03T09:46:14","slug":"subvenciones-para-la-formacion-para-nuevas-competencias-para-la-transformacion-digital-verde-y-productiva","status":"publish","type":"post","link":"https:\/\/blog.dgformacion.com\/?p=289","title":{"rendered":"Subvenciones para la formaci\u00f3n para nuevas competencias para la transformaci\u00f3n digital, verde y productiva."},"content":{"rendered":"\n<p class=\"has-text-align-center\">Se ha publicado en el BOE de hoy el Extracto de la Resoluci\u00f3n de 24 de mayo de 2024, del Servicio P\u00fablico de Empleo Estatal, por la que se aprueba la convocatoria para la concesi\u00f3n de subvenciones p\u00fablicas destinadas a la financiaci\u00f3n de formaci\u00f3n mediante microcr\u00e9ditos, dentro de la Inversi\u00f3n \u00ab<strong>Adquisici\u00f3n de nuevas competencias para la transformaci\u00f3n digital, verde y productiva<\/strong>\u201d.<\/p>\n\n\n\n<p>Para m\u00e1s informaci\u00f3n, <a href=\"https:\/\/www.boe.es\/boe\/dias\/2024\/05\/28\/pdfs\/BOE-B-2024-19433.pdf\" data-type=\"link\" data-id=\"https:\/\/www.fundae.es\/actualidad\/noticias\/detallenoticia\/2024\/04\/29\/ampliado-el-plazo-de-la-convocatoria-de-microcr%c3%a9ditos-para-la-adquisici%c3%b3n-de-nuevas-competencias-para-la-transformaci%c3%b3n-digital-verde-y-productiva\" target=\"_blank\" rel=\"noreferrer noopener\"><strong>visita el siguiente enlace<\/strong>.<\/a><\/p>\n\n\n\n<hr class=\"wp-block-separator has-alpha-channel-opacity is-style-wide\"\/>\n\n\n\n<p class=\"has-text-align-center\" style=\"font-size:24px\">Echa un vistazo a nuestro cat\u00e1logo completo&nbsp;<a href=\"https:\/\/dgformacion.com\/categoria-curso\/contenido-en-formato-digital\/certificados-de-profesionalidad\/\" target=\"_blank\" rel=\"noreferrer noopener\">pinchando aqu\u00ed<\/a>.<\/p>\n\n\n\n<p class=\"has-text-align-center\">Contacta con nosotros a trav\u00e9s del 914 32 02 02, o info@dgformacion.com.<\/p>\n","protected":false},"excerpt":{"rendered":"<p>Se ha publicado en el BOE de hoy el Extracto de la Resoluci\u00f3n de 24 de mayo de 2024, del Servicio P\u00fablico de Empleo Estatal, por la que se aprueba la convocatoria para la concesi\u00f3n de subvenciones p\u00fablicas destinadas a la financiaci\u00f3n de formaci\u00f3n mediante microcr\u00e9ditos, dentro de la Inversi\u00f3n \u00abAdquisici\u00f3n de nuevas competencias para &hellip;<\/p>\n","protected":false},"author":2,"featured_media":610,"comment_status":"closed","ping_status":"open","sticky":false,"template":"","format":"standard","meta":{"footnotes":"","_jetpack_memberships_contains_paid_content":false},"categories":[4],"tags":[72,78,7,69],"jetpack_sharing_enabled":true,"jetpack_featured_media_url":"https:\/\/blog.dgformacion.com\/wp-content\/uploads\/2024\/05\/transDigital_nacional24.png","_links":{"self":[{"href":"https:\/\/blog.dgformacion.com\/index.php?rest_route=\/wp\/v2\/posts\/289"}],"collection":[{"href":"https:\/\/blog.dgformacion.com\/index.php?rest_route=\/wp\/v2\/posts"}],"about":[{"href":"https:\/\/blog.dgformacion.com\/index.php?rest_route=\/wp\/v2\/types\/post"}],"author":[{"embeddable":true,"href":"https:\/\/blog.dgformacion.com\/index.php?rest_route=\/wp\/v2\/users\/2"}],"replies":[{"embeddable":true,"href":"https:\/\/blog.dgformacion.com\/index.php?rest_route=%2Fwp%2Fv2%2Fcomments&post=289"}],"version-history":[{"count":1,"href":"https:\/\/blog.dgformacion.com\/index.php?rest_route=\/wp\/v2\/posts\/289\/revisions"}],"predecessor-version":[{"id":291,"href":"https:\/\/blog.dgformacion.com\/index.php?rest_route=\/wp\/v2\/posts\/289\/revisions\/291"}],"wp:featuredmedia":[{"embeddable":true,"href":"https:\/\/blog.dgformacion.com\/index.php?rest_route=\/wp\/v2\/media\/610"}],"wp:attachment":[{"href":"https:\/\/blog.dgformacion.com\/index.php?rest_route=%2Fwp%2Fv2%2Fmedia&parent=289"}],"wp:term":[{"taxonomy":"category","embeddable":true,"href":"https:\/\/blog.dgformacion.com\/index.php?rest_route=%2Fwp%2Fv2%2Fcategories&post=289"},{"taxonomy":"post_tag","embeddable":true,"href":"https:\/\/blog.dgformacion.com\/index.php?rest_route=%2Fwp%2Fv2%2Ftags&post=289"}],"curies":[{"name":"wp","href":"https:\/\/api.w.org\/{rel}","templated":true}]}}