{"id":333,"date":"2024-05-29T11:33:05","date_gmt":"2024-05-29T10:33:05","guid":{"rendered":"https:\/\/blog.dgformacion.com\/?p=333"},"modified":"2024-09-27T11:21:30","modified_gmt":"2024-09-27T10:21:30","slug":"congreso-nacional-de-cecap-marzo-2024","status":"publish","type":"post","link":"https:\/\/blog.dgformacion.com\/?p=333","title":{"rendered":"Congreso Nacional de CECAP 2024 &#8211; 7 y 8 de marzo, 2024"},"content":{"rendered":"\n<p>Nuestra compa\u00f1era Teresa Fern\u00e1ndez asisti\u00f3 el pasado mes de marzo al 28\u00ba Congreso Nacional de la CECAP, en la maravillosa ciudad de M\u00e1laga. Esparcidos por toda la ciudad hab\u00edan eventos, charlas y exposiciones realmente interesantes, y tuvimos la suerte de poder asistir a algunos de ellos. <\/p>\n\n\n<div class=\"wp-block-image\">\n<figure class=\"aligncenter size-full is-resized\"><img loading=\"lazy\" decoding=\"async\" width=\"929\" height=\"714\" src=\"https:\/\/blog.dgformacion.com\/wp-content\/uploads\/2024\/05\/teresaCECAP1_redux.png\" alt=\"\" class=\"wp-image-335\" style=\"width:800px\" srcset=\"https:\/\/blog.dgformacion.com\/wp-content\/uploads\/2024\/05\/teresaCECAP1_redux.png 929w, https:\/\/blog.dgformacion.com\/wp-content\/uploads\/2024\/05\/teresaCECAP1_redux-300x231.png 300w, https:\/\/blog.dgformacion.com\/wp-content\/uploads\/2024\/05\/teresaCECAP1_redux-768x590.png 768w\" sizes=\"(max-width: 929px) 100vw, 929px\" \/><\/figure><\/div>\n\n\n<p>Agradecer a la organizaci\u00f3n del evento, y en especial a Clara Sanz, Secretaria General de Formaci\u00f3n Profesional del MEFP; al Alcalde de M\u00e1laga, Francisco de la Torre; a Antonio Garamendi Lecanda, presidente de la CEOE; y a F\u00e9lix Mart\u00edn Moreno, presidente de la CECAP. <\/p>\n\n\n\n<hr class=\"wp-block-separator has-alpha-channel-opacity is-style-wide\"\/>\n\n\n\n<p class=\"has-text-align-center\" style=\"font-size:24px\">Echa un vistazo a nuestro cat\u00e1logo completo&nbsp;<a href=\"https:\/\/dgformacion.com\/categoria-curso\/contenido-en-formato-digital\/certificados-de-profesionalidad\/\" target=\"_blank\" rel=\"noreferrer noopener\">pinchando aqu\u00ed<\/a>.<\/p>\n\n\n\n<p class=\"has-text-align-center\" style=\"font-size:16px\">Contacta con nosotros a trav\u00e9s del 914 32 02 02, o info@dgformacion.com.<\/p>\n","protected":false},"excerpt":{"rendered":"<p>Nuestra compa\u00f1era Teresa Fern\u00e1ndez asisti\u00f3 el pasado mes de marzo al 28\u00ba Congreso Nacional de la CECAP, en la maravillosa ciudad de M\u00e1laga. Esparcidos por toda la ciudad hab\u00edan eventos, charlas y exposiciones realmente interesantes, y tuvimos la suerte de poder asistir a algunos de ellos. Agradecer a la organizaci\u00f3n del evento, y en especial &hellip;<\/p>\n","protected":false},"author":2,"featured_media":571,"comment_status":"closed","ping_status":"open","sticky":false,"template":"","format":"standard","meta":{"footnotes":"","_jetpack_memberships_contains_paid_content":false},"categories":[3],"tags":[34,50,23,31,33,21,19,32,28,20,22,30,17],"jetpack_sharing_enabled":true,"jetpack_featured_media_url":"https:\/\/blog.dgformacion.com\/wp-content\/uploads\/2024\/05\/cecapMArzo_24.png","_links":{"self":[{"href":"https:\/\/blog.dgformacion.com\/index.php?rest_route=\/wp\/v2\/posts\/333"}],"collection":[{"href":"https:\/\/blog.dgformacion.com\/index.php?rest_route=\/wp\/v2\/posts"}],"about":[{"href":"https:\/\/blog.dgformacion.com\/index.php?rest_route=\/wp\/v2\/types\/post"}],"author":[{"embeddable":true,"href":"https:\/\/blog.dgformacion.com\/index.php?rest_route=\/wp\/v2\/users\/2"}],"replies":[{"embeddable":true,"href":"https:\/\/blog.dgformacion.com\/index.php?rest_route=%2Fwp%2Fv2%2Fcomments&post=333"}],"version-history":[{"count":2,"href":"https:\/\/blog.dgformacion.com\/index.php?rest_route=\/wp\/v2\/posts\/333\/revisions"}],"predecessor-version":[{"id":337,"href":"https:\/\/blog.dgformacion.com\/index.php?rest_route=\/wp\/v2\/posts\/333\/revisions\/337"}],"wp:featuredmedia":[{"embeddable":true,"href":"https:\/\/blog.dgformacion.com\/index.php?rest_route=\/wp\/v2\/media\/571"}],"wp:attachment":[{"href":"https:\/\/blog.dgformacion.com\/index.php?rest_route=%2Fwp%2Fv2%2Fmedia&parent=333"}],"wp:term":[{"taxonomy":"category","embeddable":true,"href":"https:\/\/blog.dgformacion.com\/index.php?rest_route=%2Fwp%2Fv2%2Fcategories&post=333"},{"taxonomy":"post_tag","embeddable":true,"href":"https:\/\/blog.dgformacion.com\/index.php?rest_route=%2Fwp%2Fv2%2Ftags&post=333"}],"curies":[{"name":"wp","href":"https:\/\/api.w.org\/{rel}","templated":true}]}}