{"id":379,"date":"2024-06-06T11:53:48","date_gmt":"2024-06-06T10:53:48","guid":{"rendered":"https:\/\/blog.dgformacion.com\/?p=379"},"modified":"2024-09-20T12:29:26","modified_gmt":"2024-09-20T11:29:26","slug":"la-fp-dual-retos-y-oportunidades-en-la-colaboracion-entre-formacion-y-empresa","status":"publish","type":"post","link":"https:\/\/blog.dgformacion.com\/?p=379","title":{"rendered":"La FP Dual: Retos y oportunidades en la colaboraci\u00f3n entre formaci\u00f3n y empresa &#8211; 3 de junio, 2024"},"content":{"rendered":"\n<p>Nuestra compa\u00f1era Gema Granizo asisti\u00f3 el 3 de junio en el Espacio Bertelsmann. En nuestro pa\u00eds, la Ley Org\u00e1nica 3\/2022 de ordenaci\u00f3n e integraci\u00f3n de la Formaci\u00f3n Profesional, en gran medida, hace corresponsables de la misma a empresas y centros educativos. <\/p>\n\n\n\n<p>En este marco, la Fundaci\u00f3n Bertelsmann ha analizado los principales desaf\u00edos que presenta garantizar el car\u00e1cter dual de toda la FP en Espa\u00f1a para los pr\u00f3ximos a\u00f1os y ha elaborado un informe en base a dichos retos. A su vez, la Fundaci\u00f3n para la Calidad e Innovaci\u00f3n de la Formaci\u00f3n y el Empleo (CIFE), ha promovido, dentro de su serie \u2018Documentos y An\u00e1lisis\u2019, la publicaci\u00f3n \u2018La formaci\u00f3n dual. Oportunidades para un cambio en la relaci\u00f3n formaci\u00f3n empresa\u2019.<\/p>\n\n\n\n<figure class=\"wp-block-gallery has-nested-images columns-default is-cropped wp-block-gallery-1 is-layout-flex wp-block-gallery-is-layout-flex\">\n<figure class=\"wp-block-image size-large\"><img loading=\"lazy\" decoding=\"async\" width=\"721\" height=\"720\" data-id=\"380\" src=\"https:\/\/blog.dgformacion.com\/wp-content\/uploads\/2024\/06\/2RRSS.png\" alt=\"\" class=\"wp-image-380\" srcset=\"https:\/\/blog.dgformacion.com\/wp-content\/uploads\/2024\/06\/2RRSS.png 721w, https:\/\/blog.dgformacion.com\/wp-content\/uploads\/2024\/06\/2RRSS-300x300.png 300w, https:\/\/blog.dgformacion.com\/wp-content\/uploads\/2024\/06\/2RRSS-150x150.png 150w\" sizes=\"(max-width: 721px) 100vw, 721px\" \/><\/figure>\n\n\n\n<figure class=\"wp-block-image size-large\"><img loading=\"lazy\" decoding=\"async\" width=\"721\" height=\"720\" data-id=\"382\" src=\"https:\/\/blog.dgformacion.com\/wp-content\/uploads\/2024\/06\/RRSS.png\" alt=\"\" class=\"wp-image-382\" srcset=\"https:\/\/blog.dgformacion.com\/wp-content\/uploads\/2024\/06\/RRSS.png 721w, https:\/\/blog.dgformacion.com\/wp-content\/uploads\/2024\/06\/RRSS-300x300.png 300w, https:\/\/blog.dgformacion.com\/wp-content\/uploads\/2024\/06\/RRSS-150x150.png 150w\" sizes=\"(max-width: 721px) 100vw, 721px\" \/><\/figure>\n\n\n\n<figure class=\"wp-block-image size-large\"><img loading=\"lazy\" decoding=\"async\" width=\"721\" height=\"720\" data-id=\"381\" src=\"https:\/\/blog.dgformacion.com\/wp-content\/uploads\/2024\/06\/3RRSS.png\" alt=\"\" class=\"wp-image-381\" srcset=\"https:\/\/blog.dgformacion.com\/wp-content\/uploads\/2024\/06\/3RRSS.png 721w, https:\/\/blog.dgformacion.com\/wp-content\/uploads\/2024\/06\/3RRSS-300x300.png 300w, https:\/\/blog.dgformacion.com\/wp-content\/uploads\/2024\/06\/3RRSS-150x150.png 150w\" sizes=\"(max-width: 721px) 100vw, 721px\" \/><\/figure>\n<\/figure>\n\n\n\n<p>\u00a1Gracias por esta maravillosa jornada!<\/p>\n\n\n\n<p class=\"has-small-font-size\">Y por si te perdiste algo, te vinculamos la jornada en el v\u00eddeo de abajo. <\/p>\n\n\n\n<figure class=\"wp-block-embed aligncenter is-type-video is-provider-youtube wp-block-embed-youtube wp-embed-aspect-16-9 wp-has-aspect-ratio\"><div class=\"wp-block-embed__wrapper\">\n<iframe loading=\"lazy\" title=\"La FP dual: Retos y oportunidades en la colaboraci\u00f3n formaci\u00f3n y empresa\" width=\"500\" height=\"281\" src=\"https:\/\/www.youtube.com\/embed\/Gr5akx-iEYc?feature=oembed\" frameborder=\"0\" allow=\"accelerometer; autoplay; clipboard-write; encrypted-media; gyroscope; picture-in-picture; web-share\" referrerpolicy=\"strict-origin-when-cross-origin\" allowfullscreen><\/iframe>\n<\/div><\/figure>\n\n\n\n<hr class=\"wp-block-separator has-alpha-channel-opacity is-style-wide\"\/>\n\n\n\n<p class=\"has-text-align-center\" style=\"font-size:24px\">Echa un vistazo a nuestro cat\u00e1logo completo&nbsp;<a href=\"https:\/\/dgformacion.com\/categoria-curso\/contenido-en-formato-digital\/certificados-de-profesionalidad\/\" target=\"_blank\" rel=\"noreferrer noopener\">pinchando aqu\u00ed<\/a>.<\/p>\n\n\n\n<p class=\"has-text-align-center\" style=\"font-size:16px\">Contacta con nosotros a trav\u00e9s del 914 32 02 02, o info@dgformacion.com.<\/p>\n","protected":false},"excerpt":{"rendered":"<p>Nuestra compa\u00f1era Gema Granizo asisti\u00f3 el 3 de junio en el Espacio Bertelsmann. En nuestro pa\u00eds, la Ley Org\u00e1nica 3\/2022 de ordenaci\u00f3n e integraci\u00f3n de la Formaci\u00f3n Profesional, en gran medida, hace corresponsables de la misma a empresas y centros educativos. En este marco, la Fundaci\u00f3n Bertelsmann ha analizado los principales desaf\u00edos que presenta garantizar &hellip;<\/p>\n","protected":false},"author":2,"featured_media":564,"comment_status":"closed","ping_status":"open","sticky":false,"template":"","format":"standard","meta":{"footnotes":"","_jetpack_memberships_contains_paid_content":false},"categories":[3],"tags":[34,56,53,52,23,31,33,21,55,19,54,32,28,20,22,30,17],"jetpack_sharing_enabled":true,"jetpack_featured_media_url":"https:\/\/blog.dgformacion.com\/wp-content\/uploads\/2024\/06\/fpDual_mayo24-1.png","_links":{"self":[{"href":"https:\/\/blog.dgformacion.com\/index.php?rest_route=\/wp\/v2\/posts\/379"}],"collection":[{"href":"https:\/\/blog.dgformacion.com\/index.php?rest_route=\/wp\/v2\/posts"}],"about":[{"href":"https:\/\/blog.dgformacion.com\/index.php?rest_route=\/wp\/v2\/types\/post"}],"author":[{"embeddable":true,"href":"https:\/\/blog.dgformacion.com\/index.php?rest_route=\/wp\/v2\/users\/2"}],"replies":[{"embeddable":true,"href":"https:\/\/blog.dgformacion.com\/index.php?rest_route=%2Fwp%2Fv2%2Fcomments&post=379"}],"version-history":[{"count":3,"href":"https:\/\/blog.dgformacion.com\/index.php?rest_route=\/wp\/v2\/posts\/379\/revisions"}],"predecessor-version":[{"id":387,"href":"https:\/\/blog.dgformacion.com\/index.php?rest_route=\/wp\/v2\/posts\/379\/revisions\/387"}],"wp:featuredmedia":[{"embeddable":true,"href":"https:\/\/blog.dgformacion.com\/index.php?rest_route=\/wp\/v2\/media\/564"}],"wp:attachment":[{"href":"https:\/\/blog.dgformacion.com\/index.php?rest_route=%2Fwp%2Fv2%2Fmedia&parent=379"}],"wp:term":[{"taxonomy":"category","embeddable":true,"href":"https:\/\/blog.dgformacion.com\/index.php?rest_route=%2Fwp%2Fv2%2Fcategories&post=379"},{"taxonomy":"post_tag","embeddable":true,"href":"https:\/\/blog.dgformacion.com\/index.php?rest_route=%2Fwp%2Fv2%2Ftags&post=379"}],"curies":[{"name":"wp","href":"https:\/\/api.w.org\/{rel}","templated":true}]}}