{"id":405,"date":"2024-06-12T10:02:21","date_gmt":"2024-06-12T09:02:21","guid":{"rendered":"https:\/\/blog.dgformacion.com\/?p=405"},"modified":"2024-10-03T10:45:46","modified_gmt":"2024-10-03T09:45:46","slug":"convocadas-las-subvenciones-destinadas-a-la-formacion-no-formal-de-cualificacion-y-recualificacion-de-la-poblacion-activa","status":"publish","type":"post","link":"https:\/\/blog.dgformacion.com\/?p=405","title":{"rendered":"Andaluc\u00eda convoca subvenciones destinadas a la formaci\u00f3n no formal, de cualificaci\u00f3n y recualificaci\u00f3n, de la poblaci\u00f3n activa.\u00a0"},"content":{"rendered":"\n<p>La Junta de Andaluc\u00eda ha anunciado las subvenciones destinadas a la formaci\u00f3n <strong>no formal de cualificaci\u00f3n y recualificaci\u00f3n<\/strong> de la <strong>poblaci\u00f3n activa<\/strong>.<\/p>\n\n\n\n<p>Se ha publicado en el BOJA, Orden de 29 de mayo de 2024, por la que se establecen las bases reguladoras de la concesi\u00f3n de subvenciones, en r\u00e9gimen de <strong>concurrencia no competitiva<\/strong>.<\/p>\n\n\n\n<figure class=\"wp-block-table\"><table><tbody><tr><td><strong>Convoca:<\/strong><\/td><td>Junta de Andaluc\u00eda &#8211; Consejer\u00eda de Empleo, Empresa y Trabajo Aut\u00f3nomo<\/td><\/tr><tr><td><strong>Fecha de Solicitud:<\/strong><\/td><td>31\/08\/2024<\/td><\/tr><tr><td><strong>Gestiona:<\/strong><\/td><td>Consejer\u00eda de Empleo, Empresa y Trabajo Aut\u00f3nomo<\/td><\/tr><tr><td><strong>Localizaci\u00f3n de Acciones Subvencionables:<\/strong><\/td><td>Andaluc\u00eda<\/td><\/tr><tr><td><strong>Objeto:<\/strong><\/td><td>La formaci\u00f3n no formal de cualificaci\u00f3n y recualificaci\u00f3n de la poblaci\u00f3n activa, vinculada a cualificaciones profesionales incluidas en el Cat\u00e1logo Nacional de Cualificaciones Profesionales o cat\u00e1logos que determine la normativa vigente, en los sectores estrat\u00e9gicos recogidos en el Anexo II de las bases reguladoras, para empresas, asociaciones empresariales, entidades de formaci\u00f3n y entidades sin \u00e1nimo de lucro.<\/td><\/tr><tr><td><strong>Categor\u00edas:<\/strong><\/td><td>Educaci\u00f3n y Ciencia Empleo Formaci\u00f3n I + D + i (Investigaci\u00f3n+Desarrollo+Innovaci\u00f3n)<\/td><\/tr><tr><td><strong>Beneficiarios:<\/strong><\/td><td>Asociaciones Aut\u00f3nomos Cooperativas y Sociedades Laborales no Agrarias Entidades sin \u00e1nimo de lucro Fundaciones Microempresas (menos de 10 empleados) Organismos \/ Entidades P\u00fablicas Pymes (menos de 250 empleados) Sociedades Civiles Universidades P\u00fablicas y Privadas \/ Centros de Ense\u00f1anza<\/td><\/tr><tr><td><strong>Beneficiarios detalle:<\/strong><\/td><td>a) Para los proyectos de empresas para la formaci\u00f3n de sus trabajadores vinculados mediante una relaci\u00f3n laboral, y que permitan la actualizaci\u00f3n de sus competencias profesionales o la adquisici\u00f3n de otras nuevas en el marco sectorial y empresarial de que se trate, las empresas a t\u00edtulo individual, que presenten proyectos de formaci\u00f3n y, en su caso, de acompa\u00f1amiento para la acreditaci\u00f3n de las competencias profesionales adquiridas por la experiencia laboral. Las empresas podr\u00e1n ser de titularidad de personas f\u00edsicas, sociedades an\u00f3nimas, sociedades de responsabilidad limitada y otras formas jur\u00eddicas admitidas en derecho. b) Para los proyectos de agrupaciones de empresas, asociaciones empresariales, consorcios, organismos y entidades sectoriales que representen o agrupen empresas, destinados a la formaci\u00f3n de trabajadores de un conjunto de empresas pertenecientes o vinculadas al beneficiario, y que permitan la actualizaci\u00f3n de sus competencias profesionales o la adquisici\u00f3n de otras nuevas en el marco sectorial y empresarial de que se trate, las agrupaciones de empresas, asociaciones empresariales, consorcios, organismos y entidades sectoriales que representen o agrupen empresas, que presenten proyectos de formaci\u00f3n, y en su caso de acompa\u00f1amiento para la acreditaci\u00f3n de las competencias profesionales adquiridas por la experiencia laboral, para un n\u00famero conjunto no inferior a 20 trabajadores de las distintas empresas. c) Para los proyectos de entidades de formaci\u00f3n que presenten propuestas de formaci\u00f3n, y en su caso de acompa\u00f1amiento para la acreditaci\u00f3n de las competencias profesionales adquiridas por la experiencia laboral, para poblaci\u00f3n activa en b\u00fasqueda de empleo que permitan la actualizaci\u00f3n de sus competencias profesionales o la adquisici\u00f3n de otras nuevas, las entidades de formaci\u00f3n que presenten proyectos de formaci\u00f3n, y en su caso de acompa\u00f1amiento para la acreditaci\u00f3n de las competencias profesionales adquiridas por la experiencia laboral, que, en el caso que opten por la formaci\u00f3n mixta, cuenten con centros&nbsp; f\u00edsicos en el territorio de la Comunidad Aut\u00f3noma de Andaluc\u00eda para impartir la modalidad presencial. d) Para los proyectos de entidades sin \u00e1nimo de lucro que presenten propuestas de formaci\u00f3n, y en su caso de acompa\u00f1amiento para la acreditaci\u00f3n de las competencias profesionales adquiridas por la experiencia laboral, para poblaci\u00f3n activa en b\u00fasqueda de empleo, as\u00ed como para colectivos de especial vulnerabilidad relacionados en el Anexo V de las Bases Reguladoras, las entidades sin \u00e1nimo de lucro, con centros de trabajo en la Comunidad Aut\u00f3noma de Andaluc\u00eda, que presenten proyectos de formaci\u00f3n, y en su caso de acompa\u00f1amiento para la acreditaci\u00f3n de las competencias profesionales adquiridas por la experiencia laboral, para poblaci\u00f3n activa en b\u00fasqueda de empleo, as\u00ed como para colectivos de especial vulnerabilidad. No podr\u00e1n participar en estos proyectos personas ocupadas que no pertenezcan a colectivos de especial vulnerabilidad.<\/td><\/tr><tr><td><strong>Localizaci\u00f3n del Beneficiario:<\/strong><\/td><td>Andaluc\u00eda<\/td><\/tr><\/tbody><\/table><\/figure>\n\n\n\n<p>Para m\u00e1s informaci\u00f3n acerca de la convocatoria, echa un vistazo al PDF: <\/p>\n\n\n\n<div class=\"wp-block-buttons is-content-justification-center is-layout-flex wp-container-core-buttons-layout-1 wp-block-buttons-is-layout-flex\">\n<div class=\"wp-block-button\"><a class=\"wp-block-button__link has-background wp-element-button\" href=\"https:\/\/www.juntadeandalucia.es\/eboja\/2024\/109\/BOJA24-109-00064-45951-01_00302936.pdf\" style=\"background-color:#8bae35\" target=\"_blank\" rel=\"noreferrer noopener\">Ver convocatoria<\/a><\/div>\n<\/div>\n\n\n\n<p class=\"has-text-align-center\" style=\"font-size:24px\">Echa un vistazo a nuestro cat\u00e1logo completo\u00a0<a href=\"https:\/\/dgformacion.com\/categoria-curso\/contenido-en-formato-digital\/certificados-de-profesionalidad\/\" target=\"_blank\" rel=\"noreferrer noopener\">pinchando aqu\u00ed<\/a>.<\/p>\n\n\n\n<p class=\"has-text-align-center\">Contacta con nosotros a trav\u00e9s del 914 32 02 02, o info@dgformacion.com.<\/p>\n","protected":false},"excerpt":{"rendered":"<p>La Junta de Andaluc\u00eda ha anunciado las subvenciones destinadas a la formaci\u00f3n no formal de cualificaci\u00f3n y recualificaci\u00f3n de la poblaci\u00f3n activa. Se ha publicado en el BOJA, Orden de 29 de mayo de 2024, por la que se establecen las bases reguladoras de la concesi\u00f3n de subvenciones, en r\u00e9gimen de concurrencia no competitiva. Convoca:Junta &hellip;<\/p>\n","protected":false},"author":2,"featured_media":609,"comment_status":"closed","ping_status":"open","sticky":false,"template":"","format":"standard","meta":{"footnotes":"","_jetpack_memberships_contains_paid_content":false},"categories":[4],"tags":[11,64,63,66,65,67],"jetpack_sharing_enabled":true,"jetpack_featured_media_url":"https:\/\/blog.dgformacion.com\/wp-content\/uploads\/2024\/06\/formNoFormal_andalucia24.png","_links":{"self":[{"href":"https:\/\/blog.dgformacion.com\/index.php?rest_route=\/wp\/v2\/posts\/405"}],"collection":[{"href":"https:\/\/blog.dgformacion.com\/index.php?rest_route=\/wp\/v2\/posts"}],"about":[{"href":"https:\/\/blog.dgformacion.com\/index.php?rest_route=\/wp\/v2\/types\/post"}],"author":[{"embeddable":true,"href":"https:\/\/blog.dgformacion.com\/index.php?rest_route=\/wp\/v2\/users\/2"}],"replies":[{"embeddable":true,"href":"https:\/\/blog.dgformacion.com\/index.php?rest_route=%2Fwp%2Fv2%2Fcomments&post=405"}],"version-history":[{"count":2,"href":"https:\/\/blog.dgformacion.com\/index.php?rest_route=\/wp\/v2\/posts\/405\/revisions"}],"predecessor-version":[{"id":411,"href":"https:\/\/blog.dgformacion.com\/index.php?rest_route=\/wp\/v2\/posts\/405\/revisions\/411"}],"wp:featuredmedia":[{"embeddable":true,"href":"https:\/\/blog.dgformacion.com\/index.php?rest_route=\/wp\/v2\/media\/609"}],"wp:attachment":[{"href":"https:\/\/blog.dgformacion.com\/index.php?rest_route=%2Fwp%2Fv2%2Fmedia&parent=405"}],"wp:term":[{"taxonomy":"category","embeddable":true,"href":"https:\/\/blog.dgformacion.com\/index.php?rest_route=%2Fwp%2Fv2%2Fcategories&post=405"},{"taxonomy":"post_tag","embeddable":true,"href":"https:\/\/blog.dgformacion.com\/index.php?rest_route=%2Fwp%2Fv2%2Ftags&post=405"}],"curies":[{"name":"wp","href":"https:\/\/api.w.org\/{rel}","templated":true}]}}