{"id":429,"date":"2024-06-12T13:19:28","date_gmt":"2024-06-12T12:19:28","guid":{"rendered":"https:\/\/blog.dgformacion.com\/?p=429"},"modified":"2024-09-20T11:50:48","modified_gmt":"2024-09-20T10:50:48","slug":"oferta-de-formacion-en-el-trabajo-y-formas-de-financiacion-de-la-ceoe","status":"publish","type":"post","link":"https:\/\/blog.dgformacion.com\/?p=429","title":{"rendered":"Oferta de formaci\u00f3n en el trabajo y formas de financiaci\u00f3n, de la CEOE &#8211; 11 de junio, 2024"},"content":{"rendered":"\n<p>&nbsp;Hoy <a href=\"https:\/\/www.linkedin.com\/company\/dgformacion\/\">DGFormaci\u00f3n<\/a> de nuevo felices por estar en CEOE, en una Jornada excelente de EdeNE. Gracias a los organizadores, en especial a <a href=\"https:\/\/www.linkedin.com\/in\/ACoAAAuyOhsBr3akYViAl5DImkz6Z_h-fmvVSqc\"><\/a><a href=\"https:\/\/www.linkedin.com\/in\/marta-del-castillo-coba-9b787255\/\">Marta del Castillo Coba<\/a> y a <a href=\"https:\/\/www.linkedin.com\/in\/ACoAAAB-bwIBrotd3qnMStOi5izBw6I9kfx1pBE\"><\/a><a href=\"https:\/\/www.linkedin.com\/in\/c%C3%A9sar-de-la-fuente-ruiz-1429372\/\">C\u00e9sar de la Fuente Ruiz<\/a>.<\/p>\n\n\n\n<p>Jornada \u201cOferta de formaci\u00f3n en el trabajo y formas de financiaci\u00f3n- Nueva convocatoria de oferta estatal de ocupados 2024\u201d organizada por EdeNE la Escuela de Negociaci\u00f3n Empresarial de CEOE.<\/p>\n\n\n\n<div class=\"wp-block-jetpack-slideshow\" data-effect=\"slide\"><div class=\"wp-block-jetpack-slideshow_container swiper-container\"><ul class=\"wp-block-jetpack-slideshow_swiper-wrapper swiper-wrapper\"><li class=\"wp-block-jetpack-slideshow_slide swiper-slide\"><figure><img loading=\"lazy\" decoding=\"async\" width=\"1024\" height=\"768\" alt=\"\" class=\"wp-block-jetpack-slideshow_image wp-image-432\" data-id=\"432\" src=\"http:\/\/blog.dgformacion.com\/wp-content\/uploads\/2024\/06\/edene24_1-1024x768.jpeg\" srcset=\"https:\/\/blog.dgformacion.com\/wp-content\/uploads\/2024\/06\/edene24_1-1024x768.jpeg 1024w, https:\/\/blog.dgformacion.com\/wp-content\/uploads\/2024\/06\/edene24_1-300x225.jpeg 300w, https:\/\/blog.dgformacion.com\/wp-content\/uploads\/2024\/06\/edene24_1-768x576.jpeg 768w, https:\/\/blog.dgformacion.com\/wp-content\/uploads\/2024\/06\/edene24_1-1536x1152.jpeg 1536w, https:\/\/blog.dgformacion.com\/wp-content\/uploads\/2024\/06\/edene24_1.jpeg 2048w\" sizes=\"(max-width: 1024px) 100vw, 1024px\" \/><\/figure><\/li><li class=\"wp-block-jetpack-slideshow_slide swiper-slide\"><figure><img loading=\"lazy\" decoding=\"async\" width=\"1024\" height=\"768\" alt=\"\" class=\"wp-block-jetpack-slideshow_image wp-image-437\" data-id=\"437\" src=\"http:\/\/blog.dgformacion.com\/wp-content\/uploads\/2024\/06\/edene24_4-1-1024x768.jpeg\" srcset=\"https:\/\/blog.dgformacion.com\/wp-content\/uploads\/2024\/06\/edene24_4-1-1024x768.jpeg 1024w, https:\/\/blog.dgformacion.com\/wp-content\/uploads\/2024\/06\/edene24_4-1-300x225.jpeg 300w, https:\/\/blog.dgformacion.com\/wp-content\/uploads\/2024\/06\/edene24_4-1-768x576.jpeg 768w, https:\/\/blog.dgformacion.com\/wp-content\/uploads\/2024\/06\/edene24_4-1-1536x1152.jpeg 1536w, https:\/\/blog.dgformacion.com\/wp-content\/uploads\/2024\/06\/edene24_4-1.jpeg 2048w\" sizes=\"(max-width: 1024px) 100vw, 1024px\" \/><\/figure><\/li><li class=\"wp-block-jetpack-slideshow_slide swiper-slide\"><figure><img loading=\"lazy\" decoding=\"async\" width=\"1024\" height=\"768\" alt=\"\" class=\"wp-block-jetpack-slideshow_image wp-image-436\" data-id=\"436\" src=\"http:\/\/blog.dgformacion.com\/wp-content\/uploads\/2024\/06\/edene24_3-1-1024x768.jpeg\" srcset=\"https:\/\/blog.dgformacion.com\/wp-content\/uploads\/2024\/06\/edene24_3-1-1024x768.jpeg 1024w, https:\/\/blog.dgformacion.com\/wp-content\/uploads\/2024\/06\/edene24_3-1-300x225.jpeg 300w, https:\/\/blog.dgformacion.com\/wp-content\/uploads\/2024\/06\/edene24_3-1-768x576.jpeg 768w, https:\/\/blog.dgformacion.com\/wp-content\/uploads\/2024\/06\/edene24_3-1-1536x1152.jpeg 1536w, https:\/\/blog.dgformacion.com\/wp-content\/uploads\/2024\/06\/edene24_3-1.jpeg 2048w\" sizes=\"(max-width: 1024px) 100vw, 1024px\" \/><\/figure><\/li><li class=\"wp-block-jetpack-slideshow_slide swiper-slide\"><figure><img loading=\"lazy\" decoding=\"async\" width=\"1024\" height=\"473\" alt=\"\" class=\"wp-block-jetpack-slideshow_image wp-image-433\" data-id=\"433\" src=\"http:\/\/blog.dgformacion.com\/wp-content\/uploads\/2024\/06\/edene24_2-1024x473.jpeg\" srcset=\"https:\/\/blog.dgformacion.com\/wp-content\/uploads\/2024\/06\/edene24_2-1024x473.jpeg 1024w, https:\/\/blog.dgformacion.com\/wp-content\/uploads\/2024\/06\/edene24_2-300x138.jpeg 300w, https:\/\/blog.dgformacion.com\/wp-content\/uploads\/2024\/06\/edene24_2-768x354.jpeg 768w, https:\/\/blog.dgformacion.com\/wp-content\/uploads\/2024\/06\/edene24_2-1536x709.jpeg 1536w, https:\/\/blog.dgformacion.com\/wp-content\/uploads\/2024\/06\/edene24_2.jpeg 2048w\" sizes=\"(max-width: 1024px) 100vw, 1024px\" \/><\/figure><\/li><\/ul><a class=\"wp-block-jetpack-slideshow_button-prev swiper-button-prev swiper-button-white\" role=\"button\"><\/a><a class=\"wp-block-jetpack-slideshow_button-next swiper-button-next swiper-button-white\" role=\"button\"><\/a><a aria-label=\"Pause Slideshow\" class=\"wp-block-jetpack-slideshow_button-pause\" role=\"button\"><\/a><div class=\"wp-block-jetpack-slideshow_pagination swiper-pagination swiper-pagination-white\"><\/div><\/div><\/div>\n\n\n\n<p>Ha sido Inaugurada por <a href=\"https:\/\/www.linkedin.com\/in\/ACoAAAoBQIQB4ZUilfSasFsFndFf03bBTfR-2cA\"><\/a><a href=\"https:\/\/www.linkedin.com\/in\/gerardo-guti%C3%A9rrez-ardoy-a3026948\/\">Gerardo Guti\u00e9rrez Ardoy<\/a> director general del Servicio P\u00fablico de Empleo Estatal SEPE, presentando claves la \ud83d\udce3\ud83d\udce3\ud83d\udce3NUEVA CONVOCATORIA PARA CENTROS DE FORMACI\u00d3N ESTATAL OCUPADOS \ud83d\udce3\ud83d\udce3\ud83d\udce3 y <a href=\"https:\/\/www.linkedin.com\/in\/ACoAAAb-IdgB0ULNM_xZLpZQM7v4bm8IigmG0DM\"><\/a><a href=\"https:\/\/www.linkedin.com\/in\/jos%C3%A9-miguel-guerrero-50835833\/\">Jos\u00e9 Miguel Guerrero<\/a> de CONFEMETAL, que nos ha inspirado con buenas conclusiones acerca del proceso. Gracias a ambos!<\/p>\n\n\n\n<p>En la mesa redonda, con la participaci\u00f3n de la Asistencia T\u00e9cnica Empresarial en Fundae Fundaci\u00f3n Estatal para la Formaci\u00f3n en el Empleo, han realizado hemos asistido a un gran quienes han realizado un gran an\u00e1lisis t\u00e9cnico de dicha convocatoria.<\/p>\n\n\n\n<p>Por \u00faltimo, las asociaciones m\u00e1s representativas del sector de la formaci\u00f3n para el empleo, AEGEF Formaci\u00f3n, ANCYPEL (Asociaci\u00f3n Nacional de Centros y Proveedores de e-Learning) y <a href=\"https:\/\/www.linkedin.com\/in\/ACoAAC8HDiEBW9GALwTy_94k8QVxul_1sBhFN5M\"><\/a>CECAP FORMACI\u00d3N CECAP han resaltado lo positivo y lo que piden mejorar para el futuro.<\/p>\n\n\n<a href=\"https:\/\/blog.dgformacion.com\/wp-content\/uploads\/2024\/06\/ppt_CEOE_EdeNE.pdf\" class=\"pdfemb-viewer\" style=\"\" data-width=\"max\" data-height=\"max\" data-toolbar=\"bottom\" data-toolbar-fixed=\"off\">ppt_CEOE_EdeNE<\/a>\n\n\n<p class=\"has-text-align-right has-small-font-size\">Presentaci\u00f3n cedida por FUNDAE<\/p>\n\n\n\n<hr class=\"wp-block-separator has-alpha-channel-opacity is-style-wide\"\/>\n\n\n\n<p class=\"has-text-align-center\" style=\"font-size:24px\">Echa un vistazo a nuestro cat\u00e1logo completo&nbsp;<a href=\"https:\/\/dgformacion.com\/categoria-curso\/contenido-en-formato-digital\/certificados-de-profesionalidad\/\" target=\"_blank\" rel=\"noreferrer noopener\">pinchando aqu\u00ed<\/a>.<\/p>\n\n\n\n<p class=\"has-text-align-center\" style=\"font-size:16px\">Contacta con nosotros a trav\u00e9s del 914 32 02 02, o info@dgformacion.com.<\/p>\n","protected":false},"excerpt":{"rendered":"<p>&nbsp;Hoy DGFormaci\u00f3n de nuevo felices por estar en CEOE, en una Jornada excelente de EdeNE. Gracias a los organizadores, en especial a Marta del Castillo Coba y a C\u00e9sar de la Fuente Ruiz. Jornada \u201cOferta de formaci\u00f3n en el trabajo y formas de financiaci\u00f3n- Nueva convocatoria de oferta estatal de ocupados 2024\u201d organizada por EdeNE &hellip;<\/p>\n","protected":false},"author":2,"featured_media":562,"comment_status":"closed","ping_status":"open","sticky":false,"template":"","format":"standard","meta":{"footnotes":"","_jetpack_memberships_contains_paid_content":false},"categories":[3],"tags":[34,43,23,31,33,44,21,59,57,19,32,58,28,20,22,30,17],"jetpack_sharing_enabled":true,"jetpack_featured_media_url":"https:\/\/blog.dgformacion.com\/wp-content\/uploads\/2024\/06\/edene_junio24-2.png","_links":{"self":[{"href":"https:\/\/blog.dgformacion.com\/index.php?rest_route=\/wp\/v2\/posts\/429"}],"collection":[{"href":"https:\/\/blog.dgformacion.com\/index.php?rest_route=\/wp\/v2\/posts"}],"about":[{"href":"https:\/\/blog.dgformacion.com\/index.php?rest_route=\/wp\/v2\/types\/post"}],"author":[{"embeddable":true,"href":"https:\/\/blog.dgformacion.com\/index.php?rest_route=\/wp\/v2\/users\/2"}],"replies":[{"embeddable":true,"href":"https:\/\/blog.dgformacion.com\/index.php?rest_route=%2Fwp%2Fv2%2Fcomments&post=429"}],"version-history":[{"count":8,"href":"https:\/\/blog.dgformacion.com\/index.php?rest_route=\/wp\/v2\/posts\/429\/revisions"}],"predecessor-version":[{"id":506,"href":"https:\/\/blog.dgformacion.com\/index.php?rest_route=\/wp\/v2\/posts\/429\/revisions\/506"}],"wp:featuredmedia":[{"embeddable":true,"href":"https:\/\/blog.dgformacion.com\/index.php?rest_route=\/wp\/v2\/media\/562"}],"wp:attachment":[{"href":"https:\/\/blog.dgformacion.com\/index.php?rest_route=%2Fwp%2Fv2%2Fmedia&parent=429"}],"wp:term":[{"taxonomy":"category","embeddable":true,"href":"https:\/\/blog.dgformacion.com\/index.php?rest_route=%2Fwp%2Fv2%2Fcategories&post=429"},{"taxonomy":"post_tag","embeddable":true,"href":"https:\/\/blog.dgformacion.com\/index.php?rest_route=%2Fwp%2Fv2%2Ftags&post=429"}],"curies":[{"name":"wp","href":"https:\/\/api.w.org\/{rel}","templated":true}]}}